{"id":6708,"date":"2011-12-20T00:00:00","date_gmt":"2011-12-20T02:00:00","guid":{"rendered":"https:\/\/www.infraestruturameioambiente.sp.gov.br\/institutogeologico\/automatico\/iii-seminario-de-estrategias-para-reducao-de-desastres-naturais-do-estado-de-sao-paulo-realizado-no-palacio-dos-bandeirantes\/"},"modified":"2011-12-20T00:00:00","modified_gmt":"2011-12-20T02:00:00","slug":"iii-seminario-de-estrategias-para-reducao-de-desastres-naturais-do-estado-de-sao-paulo-realizado-no-palacio-dos-bandeirantes","status":"publish","type":"post","link":"https:\/\/www.infraestruturameioambiente.sp.gov.br\/institutogeologico\/2011\/12\/iii-seminario-de-estrategias-para-reducao-de-desastres-naturais-do-estado-de-sao-paulo-realizado-no-palacio-dos-bandeirantes\/","title":{"rendered":"III Semin\u00e1rio de Estrat\u00e9gias para Redu\u00e7\u00e3o de Desastres Naturais do Estado de S\u00e3o Paulo, realizado no Pal\u00e1cio dos Bandeirantes"},"content":{"rendered":"<div id=\"gallery-1\" class=\"gallery gallery-columns-1 gallery-size-thumbnail\">\n<dl class=\"gallery-item\">\n<dt class=\"gallery-icon\"><a href=\"https:\/\/smastr16.blob.core.windows.net\/igeo\/noticias\/igeologico\/fotos\/12_20_EDIN.jpg\" title=\"Foto: Acervo Instituto Geologico\"><img decoding=\"async\" width=\"150\" src=\"https:\/\/smastr16.blob.core.windows.net\/igeo\/noticias\/igeologico\/fotos\/12_20_EDIN.jpg\" class=\"attachment-thumbnail\" alt=\"Foto: Acervo Instituto Geologico\" \/><\/a><\/dt>\n<dd class=\"wp-caption-text gallery-caption\">Foto: Acervo Instituto Geologico<\/dd>\n<\/dl>\n<p><br style=\"clear: both\" \/>\n<\/div>\n<p>Considerado uma realiza\u00e7\u00e3o de sucesso, o III Semin\u00e1rio de Estrat\u00e9gias para Redu\u00e7\u00e3o de Desastres Naturais do Estado de S\u00e3o Paulo, foi realizado na quinta-feira, 15 de dezembro, no Audit\u00f3rio Ulysses Guimar\u00e3es do Pal\u00e1cio dos Bandeirantes, sede do Governo do Estado de S\u00e3o Paulo.<\/p>\n<p> O evento foi organizado pelo Instituto Geol\u00f3gico, em parceria com a Casa Militar, e contou com as presen\u00e7as do Secret\u00e1rio de Estado do Meio Ambiente, Bruno Covas; do Secret\u00e1rio Adjunto do Meio Ambiente, Rubens Rizek; do Secret\u00e1rio da Casa Militar e Coordenador Estadual de Defesa Civil do Estado de S\u00e3o Paulo, Coronel PM Admir Gerv\u00e1sio Moreira, do Diretor do Departamento de Defesa Civil do Estado de S\u00e3o Paulo, o Tenente-Coronel PM Marco Aur\u00e9lio Alves Pinto, al\u00e9m de v\u00e1rios convidados especialistas em Defesa Civil, T\u00e9cnicos das \u00e1reas correlacionadas a preven\u00e7\u00e3o e atendimento a Desastres Naturais e representantes de \u00f3rg\u00e3os t\u00e9cnicos envolvidos com o tema nos Estados do Rio de Janeiro, Paran\u00e1 e Esp\u00edrito Santo.<\/p>\n<p> Estiveram presentes ao evento mais de 300 convidados, em sua maioria pessoas ligadas ao tema. O III Semin\u00e1rio de Estrat\u00e9gias marca o final de um ano de conquistas, onde muito se fez com rela\u00e7\u00e3o \u00e0 preven\u00e7\u00e3o de desastres naturais e redu\u00e7\u00e3o de riscos geol\u00f3gicos.<\/p>\n<p> Destaque tamb\u00e9m \u00e0 Opera\u00e7\u00e3o Ver\u00e3o, iniciada em 1&#8304; de dezembro de 2011 e que segue at\u00e9 o dia 31 de mar\u00e7o de 2012, \u00e9poca de chuvas, quando aumenta a possibilidade de deslizamentos, escorregamentos e inunda\u00e7\u00f5es, e particularmente, nas \u00e1reas j\u00e1 monitoradas e classificadas como de risco.<\/p>\n<p> O Instituto Geol\u00f3gico aproveita esta oportunidade para agradecer a todos que estiveram envolvidos neste evento, que com sua presen\u00e7a, influ\u00eancia, determina\u00e7\u00e3o e empenho, tornaram poss\u00edvel esta realiza\u00e7\u00e3o. <\/p>\n<p>Para o resumo das palestras que compuseram os pain\u00e9is em PDF: <a href=\"https:\/\/www.infraestruturameioambiente.sp.gov.br\/institutogeologico\/downloads\/Entrevistas_Semin\u00e1rios_2011.pdf\">CLIQUE AQUI<\/a>.<\/p>\n<p>Para Apresenta\u00e7\u00e3o em PDF: <a href=\"https:\/\/www.infraestruturameioambiente.sp.gov.br\/institutogeologico\/downloads\/Palestras_Geral_Semin\u00e1rio_2011A.pdf\">CLIQUE AQUI<\/a>.<\/p>\n","protected":false},"excerpt":{"rendered":"<p>Foto: Acervo Instituto Geologico Considerado uma realiza\u00e7\u00e3o de sucesso, o III Semin\u00e1rio de Estrat\u00e9gias para Redu\u00e7\u00e3o de Desastres Naturais do Estado de S\u00e3o Paulo, foi realizado na quinta-feira, 15 de dezembro, no Audit\u00f3rio Ulysses Guimar\u00e3es do Pal\u00e1cio dos Bandeirantes, sede do Governo do Estado de S\u00e3o Paulo. O evento foi organizado pelo Instituto Geol\u00f3gico, em [&hellip;]<\/p>\n","protected":false},"author":1,"featured_media":0,"comment_status":"open","ping_status":"open","sticky":false,"template":"","format":"standard","meta":[],"categories":[1850],"tags":[],"_links":{"self":[{"href":"https:\/\/www.infraestruturameioambiente.sp.gov.br\/institutogeologico\/wp-json\/wp\/v2\/posts\/6708"}],"collection":[{"href":"https:\/\/www.infraestruturameioambiente.sp.gov.br\/institutogeologico\/wp-json\/wp\/v2\/posts"}],"about":[{"href":"https:\/\/www.infraestruturameioambiente.sp.gov.br\/institutogeologico\/wp-json\/wp\/v2\/types\/post"}],"author":[{"embeddable":true,"href":"https:\/\/www.infraestruturameioambiente.sp.gov.br\/institutogeologico\/wp-json\/wp\/v2\/users\/1"}],"replies":[{"embeddable":true,"href":"https:\/\/www.infraestruturameioambiente.sp.gov.br\/institutogeologico\/wp-json\/wp\/v2\/comments?post=6708"}],"version-history":[{"count":0,"href":"https:\/\/www.infraestruturameioambiente.sp.gov.br\/institutogeologico\/wp-json\/wp\/v2\/posts\/6708\/revisions"}],"wp:attachment":[{"href":"https:\/\/www.infraestruturameioambiente.sp.gov.br\/institutogeologico\/wp-json\/wp\/v2\/media?parent=6708"}],"wp:term":[{"taxonomy":"category","embeddable":true,"href":"https:\/\/www.infraestruturameioambiente.sp.gov.br\/institutogeologico\/wp-json\/wp\/v2\/categories?post=6708"},{"taxonomy":"post_tag","embeddable":true,"href":"https:\/\/www.infraestruturameioambiente.sp.gov.br\/institutogeologico\/wp-json\/wp\/v2\/tags?post=6708"}],"curies":[{"name":"wp","href":"https:\/\/api.w.org\/{rel}","templated":true}]}}