{"id":6702,"date":"2010-04-08T00:00:00","date_gmt":"2010-04-08T03:00:00","guid":{"rendered":"https:\/\/www.infraestruturameioambiente.sp.gov.br\/institutogeologico\/automatico\/pesquisadores-fazem-mostra-fotografica-sobre-a-geologia-da-islandia\/"},"modified":"2010-04-08T00:00:00","modified_gmt":"2010-04-08T03:00:00","slug":"pesquisadores-fazem-mostra-fotografica-sobre-a-geologia-da-islandia","status":"publish","type":"post","link":"https:\/\/www.infraestruturameioambiente.sp.gov.br\/institutogeologico\/2010\/04\/pesquisadores-fazem-mostra-fotografica-sobre-a-geologia-da-islandia\/","title":{"rendered":"Pesquisadores fazem mostra fotogr\u00e1fica sobre a geologia da Isl\u00e2ndia"},"content":{"rendered":"<div id=\"gallery-1\" class=\"gallery gallery-columns-1 gallery-size-thumbnail\">\n<dl class=\"gallery-item\">\n<dt class=\"gallery-icon\"><a href=\"https:\/\/smastr16.blob.core.windows.net\/igeo\/noticias\/igeologico\/fotos\/4_8_PACX.jpg\" title=\"Foto: William Sallun Filho\"><img decoding=\"async\" width=\"150\" src=\"https:\/\/smastr16.blob.core.windows.net\/igeo\/noticias\/igeologico\/fotos\/4_8_PACX.jpg\" class=\"attachment-thumbnail\" alt=\"Foto: William Sallun Filho\" \/><\/a><\/dt>\n<dd class=\"wp-caption-text gallery-caption\">Foto: William Sallun Filho<\/dd>\n<\/dl>\n<p><br style=\"clear: both\" \/>\n<\/div>\n<p>Os pesquisadores cient\u00edficos do Instituto Geol\u00f3gico, Aleth\u00e9a Ernandes Martins Sallun e William Sallun Filho, elaboraram uma mostra fotogr\u00e1fica sobre a Geologia da Isl\u00e2ndia no evento \u0093Quarta Cultural\u0094 no Centro Estadual da Agricultura (CEA), sob coordena\u00e7\u00e3o do projeto QUALIVIDA (Secretaria da Agricultura e Abastecimento) em coopera\u00e7\u00e3o com o Instituto Geol\u00f3gico (Secretaria do Meio Ambiente). <\/p>\n<p>A Isl\u00e2ndia (Iceland) \u00e9 considerado um dos pa\u00edses com melhores exemplos de processos geol\u00f3gicos do mundo, por ser uma ilha geologicamente nova e extremamente ativa e fornecer dados diretos sobre os processos relacionados com a expans\u00e3o oce\u00e2nica e a diverg\u00eancia de placas. Localizada a norte do Oceano Atl\u00e2ntico, no C\u00edrculo Polar \u00c1rtico, apesar de geologicamente pertencer tanto \u00e0 placa euroasi\u00e1tica, quanto \u00e0 placa americana, ela \u00e9 considerada parte da Europa. A Isl\u00e2ndia possui uma grande quantidade de geleiras que geraram um ambiente glacial peculiar associado com in\u00fameras fontes termais. <\/p>\n<p>A Isl\u00e2ndia \u00e9 uma ilha constru\u00edda inteiramente por erup\u00e7\u00f5es vulc\u00e2nicas nos \u00faltimos 13 milh\u00f5es de anos associadas a um Rift Zone Volcanic System, e \u00e9 um dos poucos lugares no mundo onde a Dorsal Meso-Oce\u00e2nica se apresenta acima do n\u00edvel do mar, podendo ser diretamente observada em superf\u00edcie. Devido a sua localiza\u00e7\u00e3o tect\u00f4nica, a Isl\u00e2ndia tem muitos vulc\u00f5es, fontes geotermais, g\u00eaiseres, rios e cachoeiras que geram eletricidade e \u00e1gua quente. Na Isl\u00e2ndia todo o calor geot\u00e9rmico \u00e9 suficiente para abastecer de energia todo o pa\u00eds. As fontes termais (hot springs) da Isl\u00e2ndia produzem um dos poucos ambientes \u00e1cidos onde ocorrem as raras cianobact\u00e9rias unicelulares acidofilicas. <\/p>\n<p>A geologia da Isl\u00e2ndia tamb\u00e9m apresenta um dos melhores registros paleoclim\u00e1ticos do Quatern\u00e1rio, como do \u00daltimo M\u00e1ximo Glacial (LGM), que terminou abruptamente a cerca de 15.000 anos atr\u00e1s. Por volta de 985 D.C. foi estabelecida uma grande popula\u00e7\u00e3o na Isl\u00e2ndia, a partir da coloniza\u00e7\u00e3o da ilha pelos vikings. Por\u00e9m, 300 a 400 anos depois, toda a col\u00f4nia desapareceu devido \u00e0 diminui\u00e7\u00e3o de temperatura e aumento das \u00e1reas ocupadas pelas geleiras. Este per\u00edodo \u00e9 conhecido como a Pequena Idade do Gelo (Little Ice Age \u0096 1450 a 1850 D.C.), e \u00e9 muito bem documentado na Isl\u00e2ndia.<\/p>\n<p>Fotos: Basalto com estrutura cordada (pahoehoe) preservada no Campo de Lava Hallmundarhraun, Surtshellir \u0096 Isl\u00e2ndia. Abaixo, fotos do evento.<\/p>\n","protected":false},"excerpt":{"rendered":"<p>Foto: William Sallun Filho Os pesquisadores cient\u00edficos do Instituto Geol\u00f3gico, Aleth\u00e9a Ernandes Martins Sallun e William Sallun Filho, elaboraram uma mostra fotogr\u00e1fica sobre a Geologia da Isl\u00e2ndia no evento \u0093Quarta Cultural\u0094 no Centro Estadual da Agricultura (CEA), sob coordena\u00e7\u00e3o do projeto QUALIVIDA (Secretaria da Agricultura e Abastecimento) em coopera\u00e7\u00e3o com o Instituto Geol\u00f3gico (Secretaria do [&hellip;]<\/p>\n","protected":false},"author":1,"featured_media":0,"comment_status":"open","ping_status":"open","sticky":false,"template":"","format":"standard","meta":[],"categories":[1850],"tags":[],"_links":{"self":[{"href":"https:\/\/www.infraestruturameioambiente.sp.gov.br\/institutogeologico\/wp-json\/wp\/v2\/posts\/6702"}],"collection":[{"href":"https:\/\/www.infraestruturameioambiente.sp.gov.br\/institutogeologico\/wp-json\/wp\/v2\/posts"}],"about":[{"href":"https:\/\/www.infraestruturameioambiente.sp.gov.br\/institutogeologico\/wp-json\/wp\/v2\/types\/post"}],"author":[{"embeddable":true,"href":"https:\/\/www.infraestruturameioambiente.sp.gov.br\/institutogeologico\/wp-json\/wp\/v2\/users\/1"}],"replies":[{"embeddable":true,"href":"https:\/\/www.infraestruturameioambiente.sp.gov.br\/institutogeologico\/wp-json\/wp\/v2\/comments?post=6702"}],"version-history":[{"count":0,"href":"https:\/\/www.infraestruturameioambiente.sp.gov.br\/institutogeologico\/wp-json\/wp\/v2\/posts\/6702\/revisions"}],"wp:attachment":[{"href":"https:\/\/www.infraestruturameioambiente.sp.gov.br\/institutogeologico\/wp-json\/wp\/v2\/media?parent=6702"}],"wp:term":[{"taxonomy":"category","embeddable":true,"href":"https:\/\/www.infraestruturameioambiente.sp.gov.br\/institutogeologico\/wp-json\/wp\/v2\/categories?post=6702"},{"taxonomy":"post_tag","embeddable":true,"href":"https:\/\/www.infraestruturameioambiente.sp.gov.br\/institutogeologico\/wp-json\/wp\/v2\/tags?post=6702"}],"curies":[{"name":"wp","href":"https:\/\/api.w.org\/{rel}","templated":true}]}}