{"id":6693,"date":"2009-11-19T00:00:00","date_gmt":"2009-11-19T02:00:00","guid":{"rendered":"https:\/\/www.infraestruturameioambiente.sp.gov.br\/institutogeologico\/automatico\/instituto-geologico-participa-do-v-defencil\/"},"modified":"2009-11-19T00:00:00","modified_gmt":"2009-11-19T02:00:00","slug":"instituto-geologico-participa-do-v-defencil","status":"publish","type":"post","link":"https:\/\/www.infraestruturameioambiente.sp.gov.br\/institutogeologico\/2009\/11\/instituto-geologico-participa-do-v-defencil\/","title":{"rendered":"Instituto Geol\u00f3gico participa do V DEFENCIL"},"content":{"rendered":"<div id=\"gallery-1\" class=\"gallery gallery-columns-1 gallery-size-thumbnail\">\n<dl class=\"gallery-item\">\n<dt class=\"gallery-icon\"><a href=\"https:\/\/smastr16.blob.core.windows.net\/igeo\/noticias\/igeologico\/fotos\/11_19_TCWW.jpg\" title=\"Foto: IG\/SMA\"><img decoding=\"async\" width=\"150\" src=\"https:\/\/smastr16.blob.core.windows.net\/igeo\/noticias\/igeologico\/fotos\/11_19_TCWW.jpg\" class=\"attachment-thumbnail\" alt=\"Foto: IG\/SMA\" \/><\/a><\/dt>\n<dd class=\"wp-caption-text gallery-caption\">Foto: IG\/SMA<\/dd>\n<\/dl>\n<p><br style=\"clear: both\" \/>\n<\/div>\n<p>Nos dias 17 a 20 de novembro est\u00e1 ocorrendo o V Semin\u00e1rio Internacional de Defesa Civil &#8211; DEFENCIL, em S\u00e3o Paulo, no Centro de Eventos e Conven\u00e7\u00f5es da cidade de S\u00e3o Paulo, no Parque Anhembi. Esse evento vem sendo organizado anualmente, desde 2005, e reune participantes da Defesa Civil de todo o Brasil, Corpo de Bombeiros, personalidades acad\u00eamicas e sociedade em geral.<\/p>\n<p>O V DEFENCIL teve mais de 5 mil inscritos, participando de extensa programa\u00e7\u00e3o distribu\u00edda simultaneamente em 17 audit\u00f3rios, e que inclui mini-cursos, confer\u00eancias, semin\u00e1riaos, simp\u00f3sios, oficinas, dentre outras atividades.<\/p>\n<p>O IG tamb\u00e9m est\u00e1 participando ativamente deste evento, apresentando stand institucional e curso:<\/p>\n<p>1) STAND INSTITUCIONAL (foto 1) &#8211; Junto a diversos parceiros da CEDEC-SP (CEDEC, Def. Civil do Municipio de S\u00e3o Paulo, Corpo de Bombeiros, Pol\u00edcia Militar, CPAmb, CPRv, Aeron\u00e1utica, Ex\u00e9rcito, SABESP, CETESB, DAEE, SANSUY, EUROBRAS) o IG organizou um espa\u00e7o com apresenta\u00e7\u00e3o de suas atividades na preven\u00e7\u00e3o de desastres naturais, distribui\u00e7\u00e3o de material de divulga\u00e7\u00e3o e venda de publica\u00e7\u00f5es. <\/p>\n<p>2) CURSO &#8220;GEST\u00c3O E PREVEN\u00c7\u00c3O DE DESASTRES NATURAIS&#8221; (foto 2): Os pesquisadores Jair Santoro e Rodolfo Moreda Mendes ministraram o curso nos dias 18 e 19 de novembro, em conjunto com o IPT, para p\u00fablico de cerca de 100 pessoas, com o seguinte programa: <\/p>\n<p>a) No\u00e7\u00f5es b\u00e1sicas de desastres naturais &#8211; aspectos b\u00e1sicos de geoci\u00eancias e introdu\u00e7\u00e3o a riscos ambientais; b) Gest\u00e3o de Riscos Naturais &#8211; medidas preventivas (Mapeamento de risco, planos preventivos); elabora\u00e7\u00e3o de planos municipais de gest\u00e3o de riscos naturais, medidas estruturais.<\/p>\n","protected":false},"excerpt":{"rendered":"<p>Foto: IG\/SMA Nos dias 17 a 20 de novembro est\u00e1 ocorrendo o V Semin\u00e1rio Internacional de Defesa Civil &#8211; DEFENCIL, em S\u00e3o Paulo, no Centro de Eventos e Conven\u00e7\u00f5es da cidade de S\u00e3o Paulo, no Parque Anhembi. Esse evento vem sendo organizado anualmente, desde 2005, e reune participantes da Defesa Civil de todo o Brasil, [&hellip;]<\/p>\n","protected":false},"author":1,"featured_media":0,"comment_status":"open","ping_status":"open","sticky":false,"template":"","format":"standard","meta":[],"categories":[1850],"tags":[],"_links":{"self":[{"href":"https:\/\/www.infraestruturameioambiente.sp.gov.br\/institutogeologico\/wp-json\/wp\/v2\/posts\/6693"}],"collection":[{"href":"https:\/\/www.infraestruturameioambiente.sp.gov.br\/institutogeologico\/wp-json\/wp\/v2\/posts"}],"about":[{"href":"https:\/\/www.infraestruturameioambiente.sp.gov.br\/institutogeologico\/wp-json\/wp\/v2\/types\/post"}],"author":[{"embeddable":true,"href":"https:\/\/www.infraestruturameioambiente.sp.gov.br\/institutogeologico\/wp-json\/wp\/v2\/users\/1"}],"replies":[{"embeddable":true,"href":"https:\/\/www.infraestruturameioambiente.sp.gov.br\/institutogeologico\/wp-json\/wp\/v2\/comments?post=6693"}],"version-history":[{"count":0,"href":"https:\/\/www.infraestruturameioambiente.sp.gov.br\/institutogeologico\/wp-json\/wp\/v2\/posts\/6693\/revisions"}],"wp:attachment":[{"href":"https:\/\/www.infraestruturameioambiente.sp.gov.br\/institutogeologico\/wp-json\/wp\/v2\/media?parent=6693"}],"wp:term":[{"taxonomy":"category","embeddable":true,"href":"https:\/\/www.infraestruturameioambiente.sp.gov.br\/institutogeologico\/wp-json\/wp\/v2\/categories?post=6693"},{"taxonomy":"post_tag","embeddable":true,"href":"https:\/\/www.infraestruturameioambiente.sp.gov.br\/institutogeologico\/wp-json\/wp\/v2\/tags?post=6693"}],"curies":[{"name":"wp","href":"https:\/\/api.w.org\/{rel}","templated":true}]}}