{"id":6677,"date":"2010-01-12T00:00:00","date_gmt":"2010-01-12T02:00:00","guid":{"rendered":"https:\/\/www.infraestruturameioambiente.sp.gov.br\/institutogeologico\/automatico\/instituto-geologico-orienta-acoes-em-sao-luiz-do-paraitinga-e-cunha\/"},"modified":"2010-01-12T00:00:00","modified_gmt":"2010-01-12T02:00:00","slug":"instituto-geologico-orienta-acoes-em-sao-luiz-do-paraitinga-e-cunha","status":"publish","type":"post","link":"https:\/\/www.infraestruturameioambiente.sp.gov.br\/institutogeologico\/2010\/01\/instituto-geologico-orienta-acoes-em-sao-luiz-do-paraitinga-e-cunha\/","title":{"rendered":"Instituto Geol\u00f3gico orienta a\u00e7\u00f5es em S\u00e3o Luiz do Paraitinga e Cunha"},"content":{"rendered":"<div id=\"gallery-1\" class=\"gallery gallery-columns-1 gallery-size-thumbnail\">\n<dl class=\"gallery-item\">\n<dt class=\"gallery-icon\"><a href=\"https:\/\/smastr16.blob.core.windows.net\/igeo\/noticias\/igeologico\/fotos\/1_12_FYBV.jpg\" title=\"Foto: IG\/SMA\"><img decoding=\"async\" width=\"150\" src=\"https:\/\/smastr16.blob.core.windows.net\/igeo\/noticias\/igeologico\/fotos\/1_12_FYBV.jpg\" class=\"attachment-thumbnail\" alt=\"Foto: IG\/SMA\" \/><\/a><\/dt>\n<dd class=\"wp-caption-text gallery-caption\">Foto: IG\/SMA<\/dd>\n<\/dl>\n<p><br style=\"clear: both\" \/>\n<\/div>\n<p>Profissionais do Instituto Geol\u00f3gico &#8211; IG, ligado \u00e0 Secretaria do Meio Ambiente do Estado de S\u00e3o Paulo &#8211; SMA, trabalham, desde o final do ano passado, em algumas cidades do Vale do Para\u00edba no atendimento \u00e0s v\u00edtimas das fortes chuvas que atingiram a regi\u00e3o. Seis pessoas morreram e mais de 4 mil ficaram desabrigadas e outras 5 mil desalojadas por causa das chuvas nesta regi\u00e3o. <\/p>\n<p>Conforme estabelecido no Plano Preventivo de Defesa Civil (PPDC), os t\u00e9cnicos e pessoal de apoio do Instituto Geol\u00f3gico ficam de prontid\u00e3o para atender aos chamados da Coordenadoria Estadual de Defesa Civil (CEDEC) durante o per\u00edodo cr\u00edtico de chuvas, para avaliar as condi\u00e7\u00f5es de seguran\u00e7a das moradias situadas em \u00e1reas de risco a escorregamento e inunda\u00e7\u00e3o.<\/p>\n<p>Paulo C\u00e9sar Fernandes da Silva, ge\u00f3logo, pesquisador e diretor adjunto do Instituto Geol\u00f3gico afirmou que h\u00e1 um estudo em andamento sobre o Vale do Para\u00edba e que j\u00e1 identificou, numa busca por jornais desde 1970 at\u00e9 hoje, que a regi\u00e3o teve cerca de 1.500 ocorr\u00eancias de enchentes e inunda\u00e7\u00f5es. H\u00e1 tr\u00eas fatores que contribuem para que ocorram problemas como os verificados nas cidades do Vale do Para\u00edba e tamb\u00e9m em Angra dos Reis: a caracter\u00edstica do terreno e do relevo, o sistema atmosf\u00e9rico e o fator humano, o que envolve a forma de ocupa\u00e7\u00e3o e a aus\u00eancia de planejamento e ordenamento territorial, algo cultural e hist\u00f3rico em nosso pa\u00eds.<\/p>\n<p>No munic\u00edpio de S\u00e3o Luiz do Paraitinga, um dos mais castigados pelas fortes chuvas, o engenheiro civil Rodolfo Moreda Mendes, os ge\u00f3logos L\u00eddia Keiko Tominaga e Paulo C\u00e9sar Fernandes da Silva, as ge\u00f3grafas Rosangela do Amaral e Denise Rossini Penteado desenvolveram as seguintes atividades: acompanhamento e orienta\u00e7\u00e3o ao Corpo de Bombeiros na busca de v\u00edtimas, vistoria em cerca de 30 moradias e escolas com problemas estruturais graves, remo\u00e7\u00e3o de fam\u00edlias e a orienta\u00e7\u00e3o da Defesa Civil nos procedimento de demoli\u00e7\u00f5es das moradias comprometidas. <\/p>\n<p>O ge\u00f3logo Jair Santoro e o ge\u00f3grafo Rog\u00e9rio Rodrigues Ribeiro estiveram no munic\u00edpio de Cunha. De acordo com os especialistas, a situa\u00e7\u00e3o do local \u00e9 cr\u00edtica devido a diversos escorregamentos, tanto na zona urbana quanto na rural, apresentando s\u00e9rios problemas de acesso por conta da queda de v\u00e1rias pontes. O munic\u00edpio, em estado de calamidade p\u00fablica, apresenta os seguintes n\u00fameros: queda de cerca de 1.000 barreiras em estradas e rodovias; destrui\u00e7\u00e3o de 300 pontes de madeira em estrada rural; 38 desabrigados; 492 desalojados; 12.000 isolados e 6 \u00f3bitos. Os pesquisadores indicaram a remo\u00e7\u00e3o de fam\u00edlias em aproximadamente 90 resid\u00eancias.<\/p>\n<p>No Munic\u00edpio de Bananal, onde tamb\u00e9m ocorreram escorregamentos com v\u00edtimas, a ge\u00f3loga C\u00e9lia R. G. de Souza e o tecn\u00f3logo em constru\u00e7\u00e3o civil Eduardo de Andrade dever\u00e3o avaliar a \u00e1rea nos pr\u00f3ximos dias.<\/p>\n<p>Al\u00e9m das cidades do Vale do Para\u00edba, foram realizadas vistorias em \u00e1reas de risco no litoral norte e na Regi\u00e3o Metropolitana de S\u00e3o Paulo.<\/p>\n","protected":false},"excerpt":{"rendered":"<p>Foto: IG\/SMA Profissionais do Instituto Geol\u00f3gico &#8211; IG, ligado \u00e0 Secretaria do Meio Ambiente do Estado de S\u00e3o Paulo &#8211; SMA, trabalham, desde o final do ano passado, em algumas cidades do Vale do Para\u00edba no atendimento \u00e0s v\u00edtimas das fortes chuvas que atingiram a regi\u00e3o. Seis pessoas morreram e mais de 4 mil ficaram [&hellip;]<\/p>\n","protected":false},"author":1,"featured_media":0,"comment_status":"open","ping_status":"open","sticky":false,"template":"","format":"standard","meta":[],"categories":[1850],"tags":[],"_links":{"self":[{"href":"https:\/\/www.infraestruturameioambiente.sp.gov.br\/institutogeologico\/wp-json\/wp\/v2\/posts\/6677"}],"collection":[{"href":"https:\/\/www.infraestruturameioambiente.sp.gov.br\/institutogeologico\/wp-json\/wp\/v2\/posts"}],"about":[{"href":"https:\/\/www.infraestruturameioambiente.sp.gov.br\/institutogeologico\/wp-json\/wp\/v2\/types\/post"}],"author":[{"embeddable":true,"href":"https:\/\/www.infraestruturameioambiente.sp.gov.br\/institutogeologico\/wp-json\/wp\/v2\/users\/1"}],"replies":[{"embeddable":true,"href":"https:\/\/www.infraestruturameioambiente.sp.gov.br\/institutogeologico\/wp-json\/wp\/v2\/comments?post=6677"}],"version-history":[{"count":0,"href":"https:\/\/www.infraestruturameioambiente.sp.gov.br\/institutogeologico\/wp-json\/wp\/v2\/posts\/6677\/revisions"}],"wp:attachment":[{"href":"https:\/\/www.infraestruturameioambiente.sp.gov.br\/institutogeologico\/wp-json\/wp\/v2\/media?parent=6677"}],"wp:term":[{"taxonomy":"category","embeddable":true,"href":"https:\/\/www.infraestruturameioambiente.sp.gov.br\/institutogeologico\/wp-json\/wp\/v2\/categories?post=6677"},{"taxonomy":"post_tag","embeddable":true,"href":"https:\/\/www.infraestruturameioambiente.sp.gov.br\/institutogeologico\/wp-json\/wp\/v2\/tags?post=6677"}],"curies":[{"name":"wp","href":"https:\/\/api.w.org\/{rel}","templated":true}]}}