{"id":6668,"date":"2012-01-30T00:00:00","date_gmt":"2012-01-30T02:00:00","guid":{"rendered":"https:\/\/www.infraestruturameioambiente.sp.gov.br\/institutogeologico\/automatico\/governo-de-sao-paulo-articula-acoes-para-prevencao-de-desastres-naturais\/"},"modified":"2013-03-13T13:16:02","modified_gmt":"2013-03-13T16:16:02","slug":"governo-de-sao-paulo-articula-acoes-para-prevencao-de-desastres-naturais","status":"publish","type":"post","link":"https:\/\/www.infraestruturameioambiente.sp.gov.br\/institutogeologico\/2012\/01\/governo-de-sao-paulo-articula-acoes-para-prevencao-de-desastres-naturais\/","title":{"rendered":"Governo de S\u00e3o Paulo articula a\u00e7\u00f5es para preven\u00e7\u00e3o de desastres naturais."},"content":{"rendered":"<p><a href=\"https:\/\/smastr16.blob.core.windows.net\/igeo\/noticias\/igeologico\/fotos\/not.gif\"><img decoding=\"async\" loading=\"lazy\" class=\"attachment-thumbnail alignleft\" src=\"https:\/\/smastr16.blob.core.windows.net\/igeo\/noticias\/igeologico\/fotos\/not.gif\" alt=\"\" width=\"150\" height=\"151\" \/><\/a><\/p>\n<p style=\"text-align: justify\">O PDN \u00e9 o Programa Estadual de Preven\u00e7\u00e3o de Desastres Naturais e de Redu\u00e7\u00e3o de Riscos Geol\u00f3gicos, que se trata de um conjunto de a\u00e7\u00f5es de preven\u00e7\u00e3o e gest\u00e3o de acidentes associados a fen\u00f4menos naturais, induzidos ou potencializados pelas a\u00e7\u00f5es humanas.<\/p>\n<p style=\"text-align: justify\">Em vigor desde a sua publica\u00e7\u00e3o, em 11 de Novembro de 2011, por meio do Decreto n.\u00b0 57.512, o PDN tem por objetivos promover os diagn\u00f3sticos dos perigos e riscos por meio do mapeamento das \u00e1reas de risco; desenvolver estrat\u00e9gias de planejamento de uso e ocupa\u00e7\u00e3o do solo; integrar e estimular estrat\u00e9gias de monitoramento e fiscaliza\u00e7\u00e3o em \u00e1reas de risco; promover a capacita\u00e7\u00e3o e o treinamento de equipes municipais e demais agentes com responsabilidades no gerenciamento de risco; sistematizar a\u00e7\u00f5es institucionais e procedimentos operacionais para redu\u00e7\u00e3o, mitiga\u00e7\u00e3o e erradica\u00e7\u00e3o do risco, tudo isto em sintonia com as a\u00e7\u00f5es em andamento nas Secretarias de Estado envolvidas e nos os Munic\u00edpios, al\u00e9m de disseminar a informa\u00e7\u00e3o e o conhecimento acerca das situa\u00e7\u00f5es de risco \u00e0 popula\u00e7\u00e3o, aumentando, assim, a percep\u00e7\u00e3o e participa\u00e7\u00e3o da comunidade.<\/p>\n<p style=\"text-align: justify\">Desta forma, o PDN \u00e9 a articula\u00e7\u00e3o fundamental dos diversos setores do Governo Estadual na preven\u00e7\u00e3o dos desastres naturais, e est\u00e1 baseada na integra\u00e7\u00e3o dos \u00d3rg\u00e3os Governamentais para enfrentar as situa\u00e7\u00f5es adversas dos Desastres Naturais. Ele tem o foco na preven\u00e7\u00e3o, na redu\u00e7\u00e3o e na mitiga\u00e7\u00e3o dos desastres naturais.<\/p>\n<p style=\"text-align: justify\">O PDN \u00e9 um grande avan\u00e7o do Estado de S\u00e3o Paulo na gest\u00e3o dos Desastres Naturais, e envolve v\u00e1rios \u00d3rg\u00e3os Governamentais, incluindo a Secretaria do Meio Ambiente, onde se localiza o IG \u0096 Instituto Geol\u00f3gico, que exerce o papel de Secretaria Executiva do GAAE \u0096 Grupo de Articula\u00e7\u00e3o de A\u00e7\u00f5es Executivas, composto por representantes de v\u00e1rias Secretarias e \u00d3rg\u00e3os do Estado.<\/p>\n<p style=\"text-align: justify\">A preven\u00e7\u00e3o \u00e9 a melhor estrat\u00e9gia de enfrentamento das situa\u00e7\u00f5es de desastre, e deve ser a principal diretriz do PDN.<\/p>\n<p style=\"text-align: justify\">Para ler o Decreto n.\u00b0 57.512 na \u00edntegra: <a href=\"https:\/\/www.infraestruturameioambiente.sp.gov.br\/institutogeologico\/downloads\/decreto_PDN.pdf\">CLIQUE AQUI<\/a>.<\/p>\n","protected":false},"excerpt":{"rendered":"<p>O PDN \u00e9 o Programa Estadual de Preven\u00e7\u00e3o de Desastres Naturais e de Redu\u00e7\u00e3o de Riscos Geol\u00f3gicos, que se trata de um conjunto de a\u00e7\u00f5es de preven\u00e7\u00e3o e gest\u00e3o de acidentes associados a fen\u00f4menos naturais, induzidos ou potencializados pelas a\u00e7\u00f5es humanas. Em vigor desde a sua publica\u00e7\u00e3o, em 11 de Novembro de 2011, por meio [&hellip;]<\/p>\n","protected":false},"author":1,"featured_media":0,"comment_status":"open","ping_status":"open","sticky":false,"template":"","format":"standard","meta":[],"categories":[1850],"tags":[],"_links":{"self":[{"href":"https:\/\/www.infraestruturameioambiente.sp.gov.br\/institutogeologico\/wp-json\/wp\/v2\/posts\/6668"}],"collection":[{"href":"https:\/\/www.infraestruturameioambiente.sp.gov.br\/institutogeologico\/wp-json\/wp\/v2\/posts"}],"about":[{"href":"https:\/\/www.infraestruturameioambiente.sp.gov.br\/institutogeologico\/wp-json\/wp\/v2\/types\/post"}],"author":[{"embeddable":true,"href":"https:\/\/www.infraestruturameioambiente.sp.gov.br\/institutogeologico\/wp-json\/wp\/v2\/users\/1"}],"replies":[{"embeddable":true,"href":"https:\/\/www.infraestruturameioambiente.sp.gov.br\/institutogeologico\/wp-json\/wp\/v2\/comments?post=6668"}],"version-history":[{"count":1,"href":"https:\/\/www.infraestruturameioambiente.sp.gov.br\/institutogeologico\/wp-json\/wp\/v2\/posts\/6668\/revisions"}],"predecessor-version":[{"id":8003,"href":"https:\/\/www.infraestruturameioambiente.sp.gov.br\/institutogeologico\/wp-json\/wp\/v2\/posts\/6668\/revisions\/8003"}],"wp:attachment":[{"href":"https:\/\/www.infraestruturameioambiente.sp.gov.br\/institutogeologico\/wp-json\/wp\/v2\/media?parent=6668"}],"wp:term":[{"taxonomy":"category","embeddable":true,"href":"https:\/\/www.infraestruturameioambiente.sp.gov.br\/institutogeologico\/wp-json\/wp\/v2\/categories?post=6668"},{"taxonomy":"post_tag","embeddable":true,"href":"https:\/\/www.infraestruturameioambiente.sp.gov.br\/institutogeologico\/wp-json\/wp\/v2\/tags?post=6668"}],"curies":[{"name":"wp","href":"https:\/\/api.w.org\/{rel}","templated":true}]}}