{"id":6665,"date":"2011-03-29T00:00:00","date_gmt":"2011-03-29T03:00:00","guid":{"rendered":"https:\/\/www.infraestruturameioambiente.sp.gov.br\/institutogeologico\/automatico\/workshop-discute-a-importancia-da-geologia-na-prevencao-de-desastres-naturais\/"},"modified":"2011-03-29T00:00:00","modified_gmt":"2011-03-29T03:00:00","slug":"workshop-discute-a-importancia-da-geologia-na-prevencao-de-desastres-naturais","status":"publish","type":"post","link":"https:\/\/www.infraestruturameioambiente.sp.gov.br\/institutogeologico\/2011\/03\/workshop-discute-a-importancia-da-geologia-na-prevencao-de-desastres-naturais\/","title":{"rendered":"Workshop discute a import\u00e2ncia da Geologia na Preven\u00e7\u00e3o de Desastres Naturais"},"content":{"rendered":"<div id=\"gallery-1\" class=\"gallery gallery-columns-1 gallery-size-thumbnail\">\n<dl class=\"gallery-item\">\n<dt class=\"gallery-icon\"><a href=\"https:\/\/smastr16.blob.core.windows.net\/igeo\/noticias\/igeologico\/fotos\/3_29_QFRV.jpg\" title=\"Foto: IGc\/USP\"><img decoding=\"async\" width=\"150\" src=\"https:\/\/smastr16.blob.core.windows.net\/igeo\/noticias\/igeologico\/fotos\/3_29_QFRV.jpg\" class=\"attachment-thumbnail\" alt=\"Foto: IGc\/USP\" \/><\/a><\/dt>\n<dd class=\"wp-caption-text gallery-caption\">Foto: IGc\/USP<\/dd>\n<\/dl>\n<p><br style=\"clear: both\" \/>\n<\/div>\n<p>O pesquisador cient\u00edfico Cl\u00e1udio Jos\u00e9 Ferreira, do Instituto Geol\u00f3gico (IG), participa como palestrante do workshop: \u0093Chuvas de Ver\u00e3o: A Import\u00e2ncia da Geologia na Preven\u00e7\u00e3o de Desastres Naturais\u0094, no dia 30 de mar\u00e7o, das 14h \u00e1s 17h30min, no sal\u00e3o nobre do Instituto de Geoci\u00eancias da Universidade S\u00e3o Paulo (IGc\/USP). O tema de sua palestra ser\u00e1: \u0093A abordagem fisiogr\u00e1fica na cartografia de perigos e risco\u0094. <\/p>\n<p>O objetivo do evento \u00e9 de destacar o papel da geologia na preven\u00e7\u00e3o de desastres naturais, o hist\u00f3rico da atua\u00e7\u00e3o dos ge\u00f3logos no tema, mapeamento de risco e as perspectivas de forma\u00e7\u00e3o profissional. O workshop \u00e9 voltado para ge\u00f3logos, estudantes de geoci\u00eancias, profissionais que atuam na defesa civil e interessados. No total ser\u00e3o disponibilizadas 80 vagas no sal\u00e3o e 125 por meio de tel\u00e3o, os interessados devem chegar com anteced\u00eancia para garantir o seu lugar.<\/p>\n<p>A programa\u00e7\u00e3o do evento conta com a participa\u00e7\u00e3o de diversos palestrantes renomados na atua\u00e7\u00e3o de desastres naturais. O sal\u00e3o nobre do Instituto de Geoci\u00eancias da Universidade S\u00e3o Paulo fica localizado na Rua do Lago, 562 \u0096 Cidade Universit\u00e1ria.<\/p>\n","protected":false},"excerpt":{"rendered":"<p>Foto: IGc\/USP O pesquisador cient\u00edfico Cl\u00e1udio Jos\u00e9 Ferreira, do Instituto Geol\u00f3gico (IG), participa como palestrante do workshop: \u0093Chuvas de Ver\u00e3o: A Import\u00e2ncia da Geologia na Preven\u00e7\u00e3o de Desastres Naturais\u0094, no dia 30 de mar\u00e7o, das 14h \u00e1s 17h30min, no sal\u00e3o nobre do Instituto de Geoci\u00eancias da Universidade S\u00e3o Paulo (IGc\/USP). O tema de sua palestra [&hellip;]<\/p>\n","protected":false},"author":1,"featured_media":0,"comment_status":"open","ping_status":"open","sticky":false,"template":"","format":"standard","meta":[],"categories":[1850],"tags":[],"_links":{"self":[{"href":"https:\/\/www.infraestruturameioambiente.sp.gov.br\/institutogeologico\/wp-json\/wp\/v2\/posts\/6665"}],"collection":[{"href":"https:\/\/www.infraestruturameioambiente.sp.gov.br\/institutogeologico\/wp-json\/wp\/v2\/posts"}],"about":[{"href":"https:\/\/www.infraestruturameioambiente.sp.gov.br\/institutogeologico\/wp-json\/wp\/v2\/types\/post"}],"author":[{"embeddable":true,"href":"https:\/\/www.infraestruturameioambiente.sp.gov.br\/institutogeologico\/wp-json\/wp\/v2\/users\/1"}],"replies":[{"embeddable":true,"href":"https:\/\/www.infraestruturameioambiente.sp.gov.br\/institutogeologico\/wp-json\/wp\/v2\/comments?post=6665"}],"version-history":[{"count":0,"href":"https:\/\/www.infraestruturameioambiente.sp.gov.br\/institutogeologico\/wp-json\/wp\/v2\/posts\/6665\/revisions"}],"wp:attachment":[{"href":"https:\/\/www.infraestruturameioambiente.sp.gov.br\/institutogeologico\/wp-json\/wp\/v2\/media?parent=6665"}],"wp:term":[{"taxonomy":"category","embeddable":true,"href":"https:\/\/www.infraestruturameioambiente.sp.gov.br\/institutogeologico\/wp-json\/wp\/v2\/categories?post=6665"},{"taxonomy":"post_tag","embeddable":true,"href":"https:\/\/www.infraestruturameioambiente.sp.gov.br\/institutogeologico\/wp-json\/wp\/v2\/tags?post=6665"}],"curies":[{"name":"wp","href":"https:\/\/api.w.org\/{rel}","templated":true}]}}