{"id":6651,"date":"2008-02-13T00:00:00","date_gmt":"2008-02-13T02:00:00","guid":{"rendered":"https:\/\/www.infraestruturameioambiente.sp.gov.br\/institutogeologico\/automatico\/pedro-comerio\/"},"modified":"2008-02-13T00:00:00","modified_gmt":"2008-02-13T02:00:00","slug":"pedro-comerio","status":"publish","type":"post","link":"https:\/\/www.infraestruturameioambiente.sp.gov.br\/institutogeologico\/2008\/02\/pedro-comerio\/","title":{"rendered":"Pedro Com\u00e9rio"},"content":{"rendered":"<div id=\"gallery-1\" class=\"gallery gallery-columns-1 gallery-size-thumbnail\">\n<dl class=\"gallery-item\">\n<dt class=\"gallery-icon\"><a href=\"https:\/\/smastr16.blob.core.windows.net\/igeo\/noticias\/igeologico\/fotos\/2_13_DJOF.jpg\" title=\"Foto: www.redespeleo.org.br\"><img decoding=\"async\" width=\"150\" src=\"https:\/\/smastr16.blob.core.windows.net\/igeo\/noticias\/igeologico\/fotos\/2_13_DJOF.jpg\" class=\"attachment-thumbnail\" alt=\"Foto: www.redespeleo.org.br\" \/><\/a><\/dt>\n<dd class=\"wp-caption-text gallery-caption\">Foto: www.redespeleo.org.br<\/dd>\n<\/dl>\n<p><br style=\"clear: both\" \/>\n<\/div>\n<p>Faleceu no dia 11\/02\/2008, Pedro Com\u00e9rio, que por muitos anos foi funcion\u00e1rio do Instituto Geogr\u00e1fico e Geol\u00f3gico, atual Instituto Geol\u00f3gico.<br \/> <br \/>\nEspecialista em mineralogia e geologia iniciou suas atividades em 1953. Percorreu a Serra da Mantiqueira quando topografou e fez a demarca\u00e7\u00e3o das divisas entre os estados de S\u00e3o Paulo, Rio de Janeiro e Minas Gerais.<br \/> <br \/>\nNo ano de 1961, Pedro Com\u00e9rio come\u00e7ou a trabalhar junto com o Engenheiro Jos\u00e9 Epit\u00e1cio Passos Guimar\u00e3es, seu superior no projeto de implanta\u00e7\u00e3o do N\u00facleo Caboclos no PETAR. <br \/> <br \/>\nDedicou-se cada vez mais \u00e0 espeleologia com perseveran\u00e7a e dedica\u00e7\u00e3o. O Museu de Geologia do IGG montado em grande parte por Pedro Com\u00e9rio teve muitas amostras de forma\u00e7\u00f5es espeleol\u00f3gicas. Pedro foi tamb\u00e9m, um entusiasta da fotografia. Fotografou forma\u00e7\u00f5es em grutas, amostras de rochas do museu, enfim, tornou-se um dos maiores profissionais em fotografias de cavernas.<br \/> <br \/>\nCom toda essa riqueza de conhecimento, em uma \u00e9poca carente de informa\u00e7\u00f5es espeleol\u00f3gicas, Pedro Com\u00e9rio colaborou enormemente, despertando muito interesse pela espelogia, atrav\u00e9s de palestras e proje\u00e7\u00f5es de diapositivos de sua autoria aos jovens estudantes que visitavam o museu do IGG.<\/p>\n<p>Nas fotos, detalhe da homenagem recebida e palestra que proferiu no evento Carste 2007 (IGC-USP)<\/p>\n<p>Fonte das informa\u00e7\u00f5es: Informativo SBE (maio-dezembro de 2005)<\/p>\n","protected":false},"excerpt":{"rendered":"<p>Foto: www.redespeleo.org.br Faleceu no dia 11\/02\/2008, Pedro Com\u00e9rio, que por muitos anos foi funcion\u00e1rio do Instituto Geogr\u00e1fico e Geol\u00f3gico, atual Instituto Geol\u00f3gico. Especialista em mineralogia e geologia iniciou suas atividades em 1953. Percorreu a Serra da Mantiqueira quando topografou e fez a demarca\u00e7\u00e3o das divisas entre os estados de S\u00e3o Paulo, Rio de Janeiro e [&hellip;]<\/p>\n","protected":false},"author":1,"featured_media":0,"comment_status":"open","ping_status":"open","sticky":false,"template":"","format":"standard","meta":[],"categories":[1850],"tags":[],"_links":{"self":[{"href":"https:\/\/www.infraestruturameioambiente.sp.gov.br\/institutogeologico\/wp-json\/wp\/v2\/posts\/6651"}],"collection":[{"href":"https:\/\/www.infraestruturameioambiente.sp.gov.br\/institutogeologico\/wp-json\/wp\/v2\/posts"}],"about":[{"href":"https:\/\/www.infraestruturameioambiente.sp.gov.br\/institutogeologico\/wp-json\/wp\/v2\/types\/post"}],"author":[{"embeddable":true,"href":"https:\/\/www.infraestruturameioambiente.sp.gov.br\/institutogeologico\/wp-json\/wp\/v2\/users\/1"}],"replies":[{"embeddable":true,"href":"https:\/\/www.infraestruturameioambiente.sp.gov.br\/institutogeologico\/wp-json\/wp\/v2\/comments?post=6651"}],"version-history":[{"count":0,"href":"https:\/\/www.infraestruturameioambiente.sp.gov.br\/institutogeologico\/wp-json\/wp\/v2\/posts\/6651\/revisions"}],"wp:attachment":[{"href":"https:\/\/www.infraestruturameioambiente.sp.gov.br\/institutogeologico\/wp-json\/wp\/v2\/media?parent=6651"}],"wp:term":[{"taxonomy":"category","embeddable":true,"href":"https:\/\/www.infraestruturameioambiente.sp.gov.br\/institutogeologico\/wp-json\/wp\/v2\/categories?post=6651"},{"taxonomy":"post_tag","embeddable":true,"href":"https:\/\/www.infraestruturameioambiente.sp.gov.br\/institutogeologico\/wp-json\/wp\/v2\/tags?post=6651"}],"curies":[{"name":"wp","href":"https:\/\/api.w.org\/{rel}","templated":true}]}}