{"id":6642,"date":"2009-03-27T00:00:00","date_gmt":"2009-03-27T03:00:00","guid":{"rendered":"https:\/\/www.infraestruturameioambiente.sp.gov.br\/institutogeologico\/automatico\/encontrado-granito-mais-jovem-do-estado-de-sao-paulo\/"},"modified":"2009-03-27T00:00:00","modified_gmt":"2009-03-27T03:00:00","slug":"encontrado-granito-mais-jovem-do-estado-de-sao-paulo","status":"publish","type":"post","link":"https:\/\/www.infraestruturameioambiente.sp.gov.br\/institutogeologico\/2009\/03\/encontrado-granito-mais-jovem-do-estado-de-sao-paulo\/","title":{"rendered":"Encontrado granito mais jovem do Estado de S\u00e3o Paulo"},"content":{"rendered":"<div id=\"gallery-1\" class=\"gallery gallery-columns-1 gallery-size-thumbnail\">\n<dl class=\"gallery-item\">\n<dt class=\"gallery-icon\"><a href=\"https:\/\/smastr16.blob.core.windows.net\/igeo\/noticias\/igeologico\/fotos\/3_27_LGME.jpg\" title=\"Foto: Jos\u00e9 M. Azevedo Sobrinho\"><img decoding=\"async\" width=\"150\" src=\"https:\/\/smastr16.blob.core.windows.net\/igeo\/noticias\/igeologico\/fotos\/3_27_LGME.jpg\" class=\"attachment-thumbnail\" alt=\"Foto: Jos\u00e9 M. Azevedo Sobrinho\" \/><\/a><\/dt>\n<dd class=\"wp-caption-text gallery-caption\">Foto: Jos\u00e9 M. Azevedo Sobrinho<\/dd>\n<\/dl>\n<p><br style=\"clear: both\" \/>\n<\/div>\n<p>De 2003 a 2004, pesquisadores do Instituto Geol\u00f3gico realizaram um mapeamento geol\u00f3gico preliminar da Ilha Anchieta, como parte do projeto \u0093Significados hist\u00f3rico, arqueol\u00f3gico, arquitet\u00f4nico e ambiental do Parque Estadual da Ilha Anchieta &#8211; PEIA \u0096 Diretrizes para Restaura\u00e7\u00e3o e Revitaliza\u00e7\u00e3o de Patrim\u00f4nio Hist\u00f3rico-Cultural em Unidades de Conserva\u00e7\u00e3o\u0094, idealizado por pesquisadores do Instituto Florestal, com financiamento FAPESP (Processo n\u00ba 03\/06416-2). Neste mapeamento, foram reconhecidos v\u00e1rios tipos de rochas gran\u00edticas.<\/p>\n<p>Esses estudos foram retomados em 2006, pelo pesquisador Jos\u00e9 Maria Azevedo Sobrinho do Instituto Geol\u00f3gico e pelo Prof. Dr. Valdecir de Assis Janasi do Instituto de Geoci\u00eancias \u0096 USP, no \u00e2mbito do Projeto \u0093Geoqu\u00edmica das rochas granit\u00f3ides da Ilha Anchieta\u0094. A pesquisa foi motivada em fun\u00e7\u00e3o das observa\u00e7\u00f5es realizadas no mapeamento inicial da Ilha Anchieta, no qual foram identificados dois grupos de rochas principais: os granitos com megacristais de feldspatos e as rochas charnock\u00edticas (granito verde). Apesar de orientados paralelamente, os megacristais de feldspato n\u00e3o se apresentavam deformados, e sua orienta\u00e7\u00e3o (Noroeste) divergia das orienta\u00e7\u00f5es das demais rochas existentes na regi\u00e3o (Leste-Nordeste), fato que chamou a aten\u00e7\u00e3o dos pesquisadores.<\/p>\n<p>A partir do m\u00e9todo de data\u00e7\u00e3o U-Pb (ur\u00e2nio \u0096 chumbo) em cristais do mineral zirc\u00e3o (ZrSiO4), obteve-se a idade de 499,7 +- 5,9 Ma para o granito, indicando ser o mais jovem do Estado de S\u00e3o Paulo. As data\u00e7\u00f5es realizadas at\u00e9 ent\u00e3o indicavam idades de, no m\u00ednimo, 565 Ma, para o charnockito de Ubatuba, at\u00e9 ent\u00e3o, a rocha gran\u00edtica mais recente do Estado.<\/p>\n<p>A idade mais recente do granito e as caracter\u00edsticas estruturais, texturais e mineral\u00f3gicas da rocha poder\u00e3o sugerir novos estudos de correla\u00e7\u00e3o com os demais granitos similares existentes no litoral paulista. Os resultados da pesquisa implicar\u00e3o ainda em reavalia\u00e7\u00f5es sobre a evolu\u00e7\u00e3o geol\u00f3gica da regi\u00e3o, visto que a idade obtida indica que o granito marca o final do \u00faltimo evento de gera\u00e7\u00e3o de cadeias montanhosas que antecedeu a abertura do Oceano Atl\u00e2ntico.<\/p>\n<p>Al\u00e9m dessas implica\u00e7\u00f5es cient\u00edficas, a pesquisa poder\u00e1 contribuir com as a\u00e7\u00f5es de prote\u00e7\u00e3o da Ilha Anchieta e com os projetos, a serem elaborados futuramente, para o conhecimento cient\u00edfico das APAs marinhas. Contribuir\u00e1 tamb\u00e9m para a divulga\u00e7\u00e3o \u00e0 sociedade de s\u00edtios geol\u00f3gicos de relevante interesse cient\u00edfico e cultural, podendo inclusive, no futuro, vir a ser classificada como um Monumento Natural Geol\u00f3gico do Estado de S\u00e3o Paulo.<\/p>\n<p>Para mais informa\u00e7\u00f5es, consulte o p\u00f4ster apresentado no 44\u00ba Congresso Brasileiro de Geologia (Curitiba, 2008):<\/p>\n<p>https:\/\/www.infraestruturameioambiente.sp.gov.br\/institutogeologico\/downloads\/poster\/AzevedoSobrinho_2008_44CBG.pdf<\/p>\n<p>Imagens:<\/p>\n<p>A \u0096 Localiza\u00e7\u00e3o da Ilha Anchieta e Mapa Geol\u00f3gico<br \/> <br \/>\nB \u0096 Foto do afloramento do granito<br \/> <br \/>\nC \u0096 Detalhe do granito<br \/> <br \/>\nD \u0096 Fotomicrografia do granito<br \/> <br \/>\nE \u0096 Cristais de zirc\u00e3o utilizados para data\u00e7\u00e3o<\/p>\n","protected":false},"excerpt":{"rendered":"<p>Foto: Jos\u00e9 M. Azevedo Sobrinho De 2003 a 2004, pesquisadores do Instituto Geol\u00f3gico realizaram um mapeamento geol\u00f3gico preliminar da Ilha Anchieta, como parte do projeto \u0093Significados hist\u00f3rico, arqueol\u00f3gico, arquitet\u00f4nico e ambiental do Parque Estadual da Ilha Anchieta &#8211; PEIA \u0096 Diretrizes para Restaura\u00e7\u00e3o e Revitaliza\u00e7\u00e3o de Patrim\u00f4nio Hist\u00f3rico-Cultural em Unidades de Conserva\u00e7\u00e3o\u0094, idealizado por pesquisadores [&hellip;]<\/p>\n","protected":false},"author":1,"featured_media":0,"comment_status":"open","ping_status":"open","sticky":false,"template":"","format":"standard","meta":[],"categories":[1850],"tags":[],"_links":{"self":[{"href":"https:\/\/www.infraestruturameioambiente.sp.gov.br\/institutogeologico\/wp-json\/wp\/v2\/posts\/6642"}],"collection":[{"href":"https:\/\/www.infraestruturameioambiente.sp.gov.br\/institutogeologico\/wp-json\/wp\/v2\/posts"}],"about":[{"href":"https:\/\/www.infraestruturameioambiente.sp.gov.br\/institutogeologico\/wp-json\/wp\/v2\/types\/post"}],"author":[{"embeddable":true,"href":"https:\/\/www.infraestruturameioambiente.sp.gov.br\/institutogeologico\/wp-json\/wp\/v2\/users\/1"}],"replies":[{"embeddable":true,"href":"https:\/\/www.infraestruturameioambiente.sp.gov.br\/institutogeologico\/wp-json\/wp\/v2\/comments?post=6642"}],"version-history":[{"count":0,"href":"https:\/\/www.infraestruturameioambiente.sp.gov.br\/institutogeologico\/wp-json\/wp\/v2\/posts\/6642\/revisions"}],"wp:attachment":[{"href":"https:\/\/www.infraestruturameioambiente.sp.gov.br\/institutogeologico\/wp-json\/wp\/v2\/media?parent=6642"}],"wp:term":[{"taxonomy":"category","embeddable":true,"href":"https:\/\/www.infraestruturameioambiente.sp.gov.br\/institutogeologico\/wp-json\/wp\/v2\/categories?post=6642"},{"taxonomy":"post_tag","embeddable":true,"href":"https:\/\/www.infraestruturameioambiente.sp.gov.br\/institutogeologico\/wp-json\/wp\/v2\/tags?post=6642"}],"curies":[{"name":"wp","href":"https:\/\/api.w.org\/{rel}","templated":true}]}}