{"id":6626,"date":"2008-06-04T00:00:00","date_gmt":"2008-06-04T03:00:00","guid":{"rendered":"https:\/\/www.infraestruturameioambiente.sp.gov.br\/institutogeologico\/automatico\/ig-participa-do-mutirao-da-carona\/"},"modified":"2008-06-04T00:00:00","modified_gmt":"2008-06-04T03:00:00","slug":"ig-participa-do-mutirao-da-carona","status":"publish","type":"post","link":"https:\/\/www.infraestruturameioambiente.sp.gov.br\/institutogeologico\/2008\/06\/ig-participa-do-mutirao-da-carona\/","title":{"rendered":"IG Participa do Mutir\u00e3o da Carona"},"content":{"rendered":"<div id=\"gallery-1\" class=\"gallery gallery-columns-1 gallery-size-thumbnail\">\n<dl class=\"gallery-item\">\n<dt class=\"gallery-icon\"><a href=\"https:\/\/smastr16.blob.core.windows.net\/igeo\/noticias\/igeologico\/fotos\/6_4_KDNF.jpg\" title=\"Foto: IG-SMA\"><img decoding=\"async\" width=\"150\" src=\"https:\/\/smastr16.blob.core.windows.net\/igeo\/noticias\/igeologico\/fotos\/6_4_KDNF.jpg\" class=\"attachment-thumbnail\" alt=\"Foto: IG-SMA\" \/><\/a><\/dt>\n<dd class=\"wp-caption-text gallery-caption\">Foto: IG-SMA<\/dd>\n<\/dl>\n<p><br style=\"clear: both\" \/>\n<\/div>\n<p>Foi realizado no \u00faltimo dia 28 de maio, o &#8220;Mutir\u00e3o da Carona&#8221;, promovido pela Secretaria do Meio Ambiente com o objetivo de sensibilizar as pessoas sobre o uso racional de ve\u00edculos, que s\u00e3o a principal causa da polui\u00e7\u00e3o do ar nas grandes cidades. A campanha de conscientiza\u00e7\u00e3o procurou estimular a pr\u00e1tica da carona, no trabalho, na escola, no clube, nos condom\u00ednios, nas vizinhan\u00e7as e outros. Esta foi mais uma das a\u00e7\u00f5es previstas no Projeto Ambiental Estrat\u00e9gico &#8220;Mutir\u00f5es Ambientais&#8221;, que faz parte dos 21 Projetos Ambientais Estrat\u00e9gicos da SMA (http:\/\/www3.ambiente.sp.gov.br).<\/p>\n<p>Para o &#8220;Mutir\u00e3o da Carona&#8221; foram realizadas diversas atividades, (http:\/\/www3.ambiente.sp.gov.br\/mutiraodacarona), por diferentes institui\u00e7\u00f5es em v\u00e1rios locais do Estado. <\/p>\n<p>Como contribui\u00e7\u00e3o do IG\/SMA ao evento, e em parceria com a Secretaria de Agricultura e Abastecimento, foi realizada uma \u0093Blitz\u0094 nas portarias do pr\u00e9dio da Secretaria da Agricultura e Abastecimento, onde funcion\u00e1rios alertavam aos motoristas a import\u00e2ncia da carona solid\u00e1ria. Al\u00e9m disso, foram distribu\u00eddas algumas \u0093multas legais\u0094, com informa\u00e7\u00f5es sobre o tema, para conscientiza\u00e7\u00e3o dos motoristas que dirigiam sem outros passageiros.<\/p>\n<p>O IG agradece a colabora\u00e7\u00e3o e contribui\u00e7\u00e3o a todos que participaram dessa a\u00e7\u00e3o promovida pela Secretaria do Meio Ambiente do Estado de S\u00e3o Paulo.<\/p>\n","protected":false},"excerpt":{"rendered":"<p>Foto: IG-SMA Foi realizado no \u00faltimo dia 28 de maio, o &#8220;Mutir\u00e3o da Carona&#8221;, promovido pela Secretaria do Meio Ambiente com o objetivo de sensibilizar as pessoas sobre o uso racional de ve\u00edculos, que s\u00e3o a principal causa da polui\u00e7\u00e3o do ar nas grandes cidades. A campanha de conscientiza\u00e7\u00e3o procurou estimular a pr\u00e1tica da carona, [&hellip;]<\/p>\n","protected":false},"author":1,"featured_media":0,"comment_status":"open","ping_status":"open","sticky":false,"template":"","format":"standard","meta":[],"categories":[1850],"tags":[],"_links":{"self":[{"href":"https:\/\/www.infraestruturameioambiente.sp.gov.br\/institutogeologico\/wp-json\/wp\/v2\/posts\/6626"}],"collection":[{"href":"https:\/\/www.infraestruturameioambiente.sp.gov.br\/institutogeologico\/wp-json\/wp\/v2\/posts"}],"about":[{"href":"https:\/\/www.infraestruturameioambiente.sp.gov.br\/institutogeologico\/wp-json\/wp\/v2\/types\/post"}],"author":[{"embeddable":true,"href":"https:\/\/www.infraestruturameioambiente.sp.gov.br\/institutogeologico\/wp-json\/wp\/v2\/users\/1"}],"replies":[{"embeddable":true,"href":"https:\/\/www.infraestruturameioambiente.sp.gov.br\/institutogeologico\/wp-json\/wp\/v2\/comments?post=6626"}],"version-history":[{"count":0,"href":"https:\/\/www.infraestruturameioambiente.sp.gov.br\/institutogeologico\/wp-json\/wp\/v2\/posts\/6626\/revisions"}],"wp:attachment":[{"href":"https:\/\/www.infraestruturameioambiente.sp.gov.br\/institutogeologico\/wp-json\/wp\/v2\/media?parent=6626"}],"wp:term":[{"taxonomy":"category","embeddable":true,"href":"https:\/\/www.infraestruturameioambiente.sp.gov.br\/institutogeologico\/wp-json\/wp\/v2\/categories?post=6626"},{"taxonomy":"post_tag","embeddable":true,"href":"https:\/\/www.infraestruturameioambiente.sp.gov.br\/institutogeologico\/wp-json\/wp\/v2\/tags?post=6626"}],"curies":[{"name":"wp","href":"https:\/\/api.w.org\/{rel}","templated":true}]}}