{"id":6603,"date":"2008-12-10T00:00:00","date_gmt":"2008-12-10T02:00:00","guid":{"rendered":"https:\/\/www.infraestruturameioambiente.sp.gov.br\/institutogeologico\/automatico\/mais-uma-equipe-do-instituto-geologico-e-enviada-a-santa-catarina\/"},"modified":"2008-12-10T00:00:00","modified_gmt":"2008-12-10T02:00:00","slug":"mais-uma-equipe-do-instituto-geologico-e-enviada-a-santa-catarina","status":"publish","type":"post","link":"https:\/\/www.infraestruturameioambiente.sp.gov.br\/institutogeologico\/2008\/12\/mais-uma-equipe-do-instituto-geologico-e-enviada-a-santa-catarina\/","title":{"rendered":"Mais uma equipe do Instituto Geol\u00f3gico \u00e9 enviada a Santa Catarina"},"content":{"rendered":"<div id=\"gallery-1\" class=\"gallery gallery-columns-1 gallery-size-thumbnail\">\n<dl class=\"gallery-item\">\n<dt class=\"gallery-icon\"><a href=\"https:\/\/smastr16.blob.core.windows.net\/igeo\/noticias\/igeologico\/fotos\/12_10_BDRQ.jpg\" title=\"Foto: IG-SMA e SD PM Vanderli (CEDEC \u0096 SP)\"><img decoding=\"async\" width=\"150\" src=\"https:\/\/smastr16.blob.core.windows.net\/igeo\/noticias\/igeologico\/fotos\/12_10_BDRQ.jpg\" class=\"attachment-thumbnail\" alt=\"Foto: IG-SMA e SD PM Vanderli (CEDEC \u0096 SP)\" \/><\/a><\/dt>\n<dd class=\"wp-caption-text gallery-caption\">Foto: IG-SMA e SD PM Vanderli (CEDEC \u0096 SP)<\/dd>\n<\/dl>\n<p><br style=\"clear: both\" \/>\n<\/div>\n<p>No dia 06 de dezembro retornaram de Santa Catarina o ge\u00f3logo Paulo C\u00e9sar Fernandes da Silva e a ge\u00f3loga L\u00eddia Keiko Tominaga, ap\u00f3s 6 dias de trabalho, onde realizaram vistorias t\u00e9cnicas em \u00e1reas de risco. Esta equipe que sobrevoou as \u00e1reas afetadas pelo desastre ocorrido na regi\u00e3o no final de novembro e tamb\u00e9m realizou vistorias em terra, junto com equipes das defesas civis dos munic\u00edpios afetados, fez os seguintes relatos:<br \/> <br \/>\nLIDIA: \u0093Chegamos a Navegantes na manh\u00e3 de 01 de dezembro e nos juntamos imediatamente inseridos \u00e0s equipes de trabalho de campo. Neste primeiro dia atendemos solicita\u00e7\u00e3o da Defesa Civil de Jaragu\u00e1 do Sul para vistorias e avalia\u00e7\u00e3o do risco em \u00e1reas de ocorr\u00eancia de escorregamentos e em \u00e1reas com evid\u00eancias de movimenta\u00e7\u00e3o (degraus de abatimento, rupturas e trincas no terreno e em edifica\u00e7\u00f5es). No segundo dia (2\/12), realizamos um sobrev\u00f4o de helic\u00f3ptero para observar outras ocorr\u00eancias de escorregamentos no munic\u00edpio. Ap\u00f3s o sobrev\u00f4o continuamos vistoria em terra das \u00e1reas mais cr\u00edticas.<br \/> <br \/>\nNo terceiro dia (3\/12) sobrevoamos a regi\u00e3o de Timb\u00f3 envolvendo 6 munic\u00edpios: Ascurra, Benedito Novo, Pomerode, Rio dos Cedros, Rodeio e Timb\u00f3. O objetivo deste sobrev\u00f4o foi de reconhecimento da situa\u00e7\u00e3o da regi\u00e3o e identifica\u00e7\u00e3o das \u00e1reas mais cr\u00edticas para posteriormente serem analisadas por terra. Este trabalho foi acompanhado pelos representantes das defesas civis municipais e pelo Gerente de Infraestrutura da Secretaria Regional de Governo.<br \/> <br \/>\nNo quarto e quinto dia (4 e 5\/12) realizamos as vistorias e avalia\u00e7\u00e3o de risco nas \u00e1reas mais cr\u00edticas dos munic\u00edpios de Benedito Novo, Rodeio e Timb\u00f3. Os processos de escorregamentos observados com mais freq\u00fc\u00eancia foram: escorregamentos rotacionais, translacionais e complexos (rotacionais, translacionais passando para corridas de lama e de detritos no final); rupturas com deslocamentos (degraus de abatimento), al\u00e9m de muitas rupturas (trincas) nos terrenos e edifica\u00e7\u00f5es.\u0094<br \/> <br \/>\nPAULO: \u0093A partir do terceiro dia (3\/12), a equipe do IG dividiu-se, e passei a sobrevoar as \u00e1reas interditadas do Complexo do Ba\u00fa (munic\u00edpio de Ilhota), e tamb\u00e9m as \u00e1reas cr\u00edticas situadas em Lu\u00eds Alves, juntamente com os t\u00e9cnicos do Instituto de Pesquisas Tecnol\u00f3gicas &#8211; IPT e equipe da CEDEC \u0096 SP. <br \/> <br \/>\nNo 1\u00ba sobrev\u00f4o, em 03\/12, os objetivos foram: a) verificar os pontos de obstru\u00e7\u00e3o das vias de acesso; b) redefinir o zoneamento de risco estabelecido na semana anterior pelas equipes t\u00e9cnica e de resgate (\u00e1reas vermelhas \u0096 interditadas \u00e0s popula\u00e7\u00f5es, \u00e1rea preta \u0096 interditada a todos inclusive equipes t\u00e9cnicas e de resgate), observando inclusive a necessidade de remo\u00e7\u00e3o de moradores. <br \/> <br \/>\nNos dias subseq\u00fcentes (4 e 5\/12) passamos a ser tamb\u00e9m acompanhados por oficias da For\u00e7a Nacional e tamb\u00e9m por t\u00e9cnicos da Associa\u00e7\u00e3o Brasileira de Mec\u00e2nica de Solos \u0096 SC\/RS. O objetivo dos sobrev\u00f4os e descidas ao solo foi o de avaliar as condi\u00e7\u00f5es do terreno para permitir a entrada de equipes de busca e resgate de corpos nas \u00e1reas interditadas do Complexo do Ba\u00fa. Alternadamente aos sobrev\u00f4os de avalia\u00e7\u00e3o e libera\u00e7\u00e3o das \u00e1reas para resgate e acionamento de equipes, diversas reuni\u00f5es de planejamento de opera\u00e7\u00f5es e de defini\u00e7\u00e3o de procedimentos de interven\u00e7\u00e3o das equipes aos locais determinados ocorreram na Prefeitura Municipal de Ilhota, envolvendo t\u00e9cnicos, pilotos e tripulantes de aeronaves, equipes do Corpo de Bombeiros e da For\u00e7a Nacional, al\u00e9m de representantes da Defesa Civil Municipal. <br \/> <br \/>\nUm dia antes de seu retorno outra equipe de t\u00e9cnicos do IG foi enviada a Santa Catarina para dar continuidade ao trabalho &#8211; a Engenheira Ge\u00f3loga Daniela Girio Marchiori Faria e o ge\u00f3grafo Rog\u00e9rio Rodrigues Ribeiro &#8211; que devem permanecer at\u00e9 o dia 11 de dezembro. Embora a coordena\u00e7\u00e3o da Defesa Civil local esteja prevendo a desmobiliza\u00e7\u00e3o das equipes de fora do estado, ao longo da semana novas avalia\u00e7\u00f5es ser\u00e3o realizadas junto com as equipes locais e o comando central visando verificar a necessidade da continuidade do aux\u00edlio.<br \/> <br \/>\nEste aux\u00edlio emergencial foi solicitado no dia 25 de novembro por determina\u00e7\u00e3o do Governador do Estado de S\u00e3o Paulo, Jos\u00e9 Serra, o secret\u00e1rio-chefe da Casa Militar e coordenador da Defesa Civil do Estado de S\u00e3o Paulo, Cel. Luiz Massao Kita, e o Secret\u00e1rio de Meio Ambiente, Xico Graziano. Tamb\u00e9m comp\u00f5em a equipe destes atendimentos ge\u00f3logos do Instituto de Pesquisas Tecnol\u00f3gicas.<\/p>\n<p>Foto 1 &#8211; Vistoria dos t\u00e9cnicos do Instituto Geol\u00f3gico ao Loteamento Hanneman \u0096 Jaragu\u00e1 do Sul<\/p>\n<p>Foto 2 \u0096 Sobrev\u00f4o \u00e0 localidade de Bra\u00e7o do Ba\u00fa<\/p>\n<p>Foto 3 \u0096 Vista a\u00e9rea de diversos escorregamentos na \u00e1rea do Complexo do Ba\u00fa<\/p>\n","protected":false},"excerpt":{"rendered":"<p>Foto: IG-SMA e SD PM Vanderli (CEDEC \u0096 SP) No dia 06 de dezembro retornaram de Santa Catarina o ge\u00f3logo Paulo C\u00e9sar Fernandes da Silva e a ge\u00f3loga L\u00eddia Keiko Tominaga, ap\u00f3s 6 dias de trabalho, onde realizaram vistorias t\u00e9cnicas em \u00e1reas de risco. Esta equipe que sobrevoou as \u00e1reas afetadas pelo desastre ocorrido na [&hellip;]<\/p>\n","protected":false},"author":1,"featured_media":0,"comment_status":"open","ping_status":"open","sticky":false,"template":"","format":"standard","meta":[],"categories":[1850],"tags":[],"_links":{"self":[{"href":"https:\/\/www.infraestruturameioambiente.sp.gov.br\/institutogeologico\/wp-json\/wp\/v2\/posts\/6603"}],"collection":[{"href":"https:\/\/www.infraestruturameioambiente.sp.gov.br\/institutogeologico\/wp-json\/wp\/v2\/posts"}],"about":[{"href":"https:\/\/www.infraestruturameioambiente.sp.gov.br\/institutogeologico\/wp-json\/wp\/v2\/types\/post"}],"author":[{"embeddable":true,"href":"https:\/\/www.infraestruturameioambiente.sp.gov.br\/institutogeologico\/wp-json\/wp\/v2\/users\/1"}],"replies":[{"embeddable":true,"href":"https:\/\/www.infraestruturameioambiente.sp.gov.br\/institutogeologico\/wp-json\/wp\/v2\/comments?post=6603"}],"version-history":[{"count":0,"href":"https:\/\/www.infraestruturameioambiente.sp.gov.br\/institutogeologico\/wp-json\/wp\/v2\/posts\/6603\/revisions"}],"wp:attachment":[{"href":"https:\/\/www.infraestruturameioambiente.sp.gov.br\/institutogeologico\/wp-json\/wp\/v2\/media?parent=6603"}],"wp:term":[{"taxonomy":"category","embeddable":true,"href":"https:\/\/www.infraestruturameioambiente.sp.gov.br\/institutogeologico\/wp-json\/wp\/v2\/categories?post=6603"},{"taxonomy":"post_tag","embeddable":true,"href":"https:\/\/www.infraestruturameioambiente.sp.gov.br\/institutogeologico\/wp-json\/wp\/v2\/tags?post=6603"}],"curies":[{"name":"wp","href":"https:\/\/api.w.org\/{rel}","templated":true}]}}