{"id":6598,"date":"2008-11-06T00:00:00","date_gmt":"2008-11-06T02:00:00","guid":{"rendered":"https:\/\/www.infraestruturameioambiente.sp.gov.br\/institutogeologico\/automatico\/segundo-dia-do-congresso-aquifero-guarani-tem-excursao-tecnica-evento-cultural-e-palestra-internacional\/"},"modified":"2008-11-06T00:00:00","modified_gmt":"2008-11-06T02:00:00","slug":"segundo-dia-do-congresso-aquifero-guarani-tem-excursao-tecnica-evento-cultural-e-palestra-internacional","status":"publish","type":"post","link":"https:\/\/www.infraestruturameioambiente.sp.gov.br\/institutogeologico\/2008\/11\/segundo-dia-do-congresso-aquifero-guarani-tem-excursao-tecnica-evento-cultural-e-palestra-internacional\/","title":{"rendered":"Segundo dia do Congresso Aqu\u00edfero Guarani tem excurs\u00e3o t\u00e9cnica, evento cultural e palestra internacional"},"content":{"rendered":"<div id=\"gallery-1\" class=\"gallery gallery-columns-1 gallery-size-thumbnail\">\n<dl class=\"gallery-item\">\n<dt class=\"gallery-icon\"><a href=\"https:\/\/smastr16.blob.core.windows.net\/igeo\/noticias\/igeologico\/fotos\/11_6_TDNV.jpg\" title=\"Foto: IG\/SMA\"><img decoding=\"async\" width=\"150\" src=\"https:\/\/smastr16.blob.core.windows.net\/igeo\/noticias\/igeologico\/fotos\/11_6_TDNV.jpg\" class=\"attachment-thumbnail\" alt=\"Foto: IG\/SMA\" \/><\/a><\/dt>\n<dd class=\"wp-caption-text gallery-caption\">Foto: IG\/SMA<\/dd>\n<\/dl>\n<p><br style=\"clear: both\" \/>\n<\/div>\n<p>No segundo dia do Congresso Aqu\u00edfero Guarani foi oferecido aos participantes uma excurs\u00e3o com visita a locais de exposi\u00e7\u00e3o de rochas constituintes do Aqu\u00edfero Guarani e algumas capta\u00e7\u00f5es de \u00e1gua do aqu\u00edfero usadas para o abastecimento urbano.<\/p>\n<p>Cerca de 100 participantes aderiram \u00e0 atividade, cujo roteiro de campo contou com a participa\u00e7\u00e3o da pesquisadora M\u00e1rcia Pressinotti. Paralelamente houve uma apresenta\u00e7\u00e3o do escritor Ign\u00e1cio de Loyola Brand\u00e3o, que abordou seu livro &#8220;Nao ver\u00e1s pa\u00eds nenhum&#8221;, destacando o processo de cria\u00e7\u00e3o ficcional, indicando tamb\u00e9m a possibilidade de complementa\u00e7\u00e3o \u00e0 sua obra, com o tema &#8220;Eles poderiam ter sido salvos pelo Aqu\u00edfero&#8221;.<\/p>\n<p>Al\u00e9m da sess\u00e3o painel, realizada das 11:00 \u00e0s 12:30h, o evento seguiu no per\u00edodo da tarde com a palestra &#8220;Experi\u00eancias de gest\u00e3o de aqu\u00edferos transfronteiri\u00e7os&#8221; do senhor Abdel Kader Dodo da Tun\u00edsia. Hidroge\u00f3logos da Tanz\u00e2nia e da Nam\u00edbia conversaram com o Diretor do IG, Ricardo Vedovello, e com a chefe da Se\u00e7\u00e3o de Hidrogeologia do Instituto, Luciana Ferreira, trocando informa\u00e7\u00f5es sobre a gest\u00e3o de aqu\u00edferos e a pesquisa hidrogeol\u00f3gica no Brasil e na \u00c1frica.<\/p>\n","protected":false},"excerpt":{"rendered":"<p>Foto: IG\/SMA No segundo dia do Congresso Aqu\u00edfero Guarani foi oferecido aos participantes uma excurs\u00e3o com visita a locais de exposi\u00e7\u00e3o de rochas constituintes do Aqu\u00edfero Guarani e algumas capta\u00e7\u00f5es de \u00e1gua do aqu\u00edfero usadas para o abastecimento urbano. Cerca de 100 participantes aderiram \u00e0 atividade, cujo roteiro de campo contou com a participa\u00e7\u00e3o da [&hellip;]<\/p>\n","protected":false},"author":1,"featured_media":0,"comment_status":"open","ping_status":"open","sticky":false,"template":"","format":"standard","meta":[],"categories":[1850],"tags":[],"_links":{"self":[{"href":"https:\/\/www.infraestruturameioambiente.sp.gov.br\/institutogeologico\/wp-json\/wp\/v2\/posts\/6598"}],"collection":[{"href":"https:\/\/www.infraestruturameioambiente.sp.gov.br\/institutogeologico\/wp-json\/wp\/v2\/posts"}],"about":[{"href":"https:\/\/www.infraestruturameioambiente.sp.gov.br\/institutogeologico\/wp-json\/wp\/v2\/types\/post"}],"author":[{"embeddable":true,"href":"https:\/\/www.infraestruturameioambiente.sp.gov.br\/institutogeologico\/wp-json\/wp\/v2\/users\/1"}],"replies":[{"embeddable":true,"href":"https:\/\/www.infraestruturameioambiente.sp.gov.br\/institutogeologico\/wp-json\/wp\/v2\/comments?post=6598"}],"version-history":[{"count":0,"href":"https:\/\/www.infraestruturameioambiente.sp.gov.br\/institutogeologico\/wp-json\/wp\/v2\/posts\/6598\/revisions"}],"wp:attachment":[{"href":"https:\/\/www.infraestruturameioambiente.sp.gov.br\/institutogeologico\/wp-json\/wp\/v2\/media?parent=6598"}],"wp:term":[{"taxonomy":"category","embeddable":true,"href":"https:\/\/www.infraestruturameioambiente.sp.gov.br\/institutogeologico\/wp-json\/wp\/v2\/categories?post=6598"},{"taxonomy":"post_tag","embeddable":true,"href":"https:\/\/www.infraestruturameioambiente.sp.gov.br\/institutogeologico\/wp-json\/wp\/v2\/tags?post=6598"}],"curies":[{"name":"wp","href":"https:\/\/api.w.org\/{rel}","templated":true}]}}