{"id":6593,"date":"2005-05-10T00:00:00","date_gmt":"2005-05-10T03:00:00","guid":{"rendered":"https:\/\/www.infraestruturameioambiente.sp.gov.br\/institutogeologico\/automatico\/expedicao-cientifica-busca-registros-paleoclimaticos\/"},"modified":"2005-05-10T00:00:00","modified_gmt":"2005-05-10T03:00:00","slug":"expedicao-cientifica-busca-registros-paleoclimaticos","status":"publish","type":"post","link":"https:\/\/www.infraestruturameioambiente.sp.gov.br\/institutogeologico\/2005\/05\/expedicao-cientifica-busca-registros-paleoclimaticos\/","title":{"rendered":"Expedi\u00e7\u00e3o cient\u00edfica busca registros paleoclim\u00e1ticos"},"content":{"rendered":"<div id=\"gallery-1\" class=\"gallery gallery-columns-1 gallery-size-thumbnail\">\n<dl class=\"gallery-item\">\n<dt class=\"gallery-icon\"><a href=\"https:\/\/smastr16.blob.core.windows.net\/igeo\/noticias\/igeologico\/fotos\/5_10_JDCX.jpg\" title=\"Foto: Ivo Karmann\"><img decoding=\"async\" width=\"150\" src=\"https:\/\/smastr16.blob.core.windows.net\/igeo\/noticias\/igeologico\/fotos\/5_10_JDCX.jpg\" class=\"attachment-thumbnail\" alt=\"Foto: Ivo Karmann\" \/><\/a><\/dt>\n<dd class=\"wp-caption-text gallery-caption\">Foto: Ivo Karmann<\/dd>\n<\/dl>\n<p><br style=\"clear: both\" \/>\n<\/div>\n<p>Entre os dias 15 e 23 de abril de 2005, o Instituto Geol\u00f3gico participou de uma expedi\u00e7\u00e3o cient\u00edfica pelas cavernas de Minas Gerais, com o objetivo de coletar amostras de espeleotemas para estudos paleoclim\u00e1ticos. Durante a viagem de mais de 3500 km, foram visitadas regi\u00f5es calc\u00e1rias do sudoeste, centro-oeste e norte mineiro. <\/p>\n<p>A expedi\u00e7\u00e3o faz parte de um projeto de pesquisa coordenado pelo IGc-USP e pela Universidade de Massachusetts, que pretende compreender a din\u00e2mica clim\u00e1tica nas regi\u00f5es sudeste e centro oeste do Brasil durante o Holoceno (8000 atr\u00e1s at\u00e9 o presente) e Pleistoceno (1,8 milh\u00e3o at\u00e9 8000 anos atr\u00e1s). As amostras coletadas com autoriza\u00e7\u00e3o do IBAMA ser\u00e3o analisadas em breve para avaliar seu potencial como fonte de registros paleoclim\u00e1ticos.<\/p>\n<p>Este trabalho d\u00e1 continuidade as importantes descobertas obtidas na investiga\u00e7\u00e3o do espeleotema de Botuver\u00e1 \u0096 SC, que mostrou o registro mais contundente da influ\u00eancia dos ciclos de precess\u00e3o na din\u00e2mica atmosf\u00e9rica do Brasil durante o Pleistoceno e Holoceno .<\/p>\n<p>O projeto conta com a participa\u00e7\u00e3o do Professor Ivo Karmann &#8211; IGc-USP, Professor Stephen Burns e Pesquisador Francisco William da Cruz Junior da Universidade de Massachusetts e do Pesquisador Jos\u00e9 Antonio Ferrari do IG-SMA.<\/p>\n","protected":false},"excerpt":{"rendered":"<p>Foto: Ivo Karmann Entre os dias 15 e 23 de abril de 2005, o Instituto Geol\u00f3gico participou de uma expedi\u00e7\u00e3o cient\u00edfica pelas cavernas de Minas Gerais, com o objetivo de coletar amostras de espeleotemas para estudos paleoclim\u00e1ticos. Durante a viagem de mais de 3500 km, foram visitadas regi\u00f5es calc\u00e1rias do sudoeste, centro-oeste e norte mineiro. [&hellip;]<\/p>\n","protected":false},"author":1,"featured_media":0,"comment_status":"open","ping_status":"open","sticky":false,"template":"","format":"standard","meta":[],"categories":[1850],"tags":[],"_links":{"self":[{"href":"https:\/\/www.infraestruturameioambiente.sp.gov.br\/institutogeologico\/wp-json\/wp\/v2\/posts\/6593"}],"collection":[{"href":"https:\/\/www.infraestruturameioambiente.sp.gov.br\/institutogeologico\/wp-json\/wp\/v2\/posts"}],"about":[{"href":"https:\/\/www.infraestruturameioambiente.sp.gov.br\/institutogeologico\/wp-json\/wp\/v2\/types\/post"}],"author":[{"embeddable":true,"href":"https:\/\/www.infraestruturameioambiente.sp.gov.br\/institutogeologico\/wp-json\/wp\/v2\/users\/1"}],"replies":[{"embeddable":true,"href":"https:\/\/www.infraestruturameioambiente.sp.gov.br\/institutogeologico\/wp-json\/wp\/v2\/comments?post=6593"}],"version-history":[{"count":0,"href":"https:\/\/www.infraestruturameioambiente.sp.gov.br\/institutogeologico\/wp-json\/wp\/v2\/posts\/6593\/revisions"}],"wp:attachment":[{"href":"https:\/\/www.infraestruturameioambiente.sp.gov.br\/institutogeologico\/wp-json\/wp\/v2\/media?parent=6593"}],"wp:term":[{"taxonomy":"category","embeddable":true,"href":"https:\/\/www.infraestruturameioambiente.sp.gov.br\/institutogeologico\/wp-json\/wp\/v2\/categories?post=6593"},{"taxonomy":"post_tag","embeddable":true,"href":"https:\/\/www.infraestruturameioambiente.sp.gov.br\/institutogeologico\/wp-json\/wp\/v2\/tags?post=6593"}],"curies":[{"name":"wp","href":"https:\/\/api.w.org\/{rel}","templated":true}]}}