{"id":6576,"date":"2007-05-16T00:00:00","date_gmt":"2007-05-16T03:00:00","guid":{"rendered":"https:\/\/www.infraestruturameioambiente.sp.gov.br\/institutogeologico\/automatico\/ig-apresenta-relatorio-final-da-operacao-dos-planos-preventivos-de-defesa-civil-ppdc-20062007\/"},"modified":"2007-05-16T00:00:00","modified_gmt":"2007-05-16T03:00:00","slug":"ig-apresenta-relatorio-final-da-operacao-dos-planos-preventivos-de-defesa-civil-ppdc-20062007","status":"publish","type":"post","link":"https:\/\/www.infraestruturameioambiente.sp.gov.br\/institutogeologico\/2007\/05\/ig-apresenta-relatorio-final-da-operacao-dos-planos-preventivos-de-defesa-civil-ppdc-20062007\/","title":{"rendered":"IG apresenta relat\u00f3rio final da opera\u00e7\u00e3o dos planos preventivos de defesa civil &#8211; PPDC 2006\/2007"},"content":{"rendered":"<div id=\"gallery-1\" class=\"gallery gallery-columns-1 gallery-size-thumbnail\">\n<dl class=\"gallery-item\">\n<dt class=\"gallery-icon\"><a href=\"https:\/\/smastr16.blob.core.windows.net\/igeo\/noticias\/igeologico\/fotos\/5_16_LNYU.jpg\" title=\"Foto: Rodolfo M. Mendes - Monte Alto\"><img decoding=\"async\" width=\"150\" src=\"https:\/\/smastr16.blob.core.windows.net\/igeo\/noticias\/igeologico\/fotos\/5_16_LNYU.jpg\" class=\"attachment-thumbnail\" alt=\"Foto: Rodolfo M. Mendes - Monte Alto\" \/><\/a><\/dt>\n<dd class=\"wp-caption-text gallery-caption\">Foto: Rodolfo M. Mendes &#8211; Monte Alto<\/dd>\n<\/dl>\n<p><br style=\"clear: both\" \/>\n<\/div>\n<p>O Instituto Geol\u00f3gico encaminhou \u00e0 Coordenadoria Estadual de Defesa Civil (CEDEC) da Casa Militar relat\u00f3rio sobre a participa\u00e7\u00e3o t\u00e9cnica realizada referente ao Termo de Coopera\u00e7\u00e3o entre o Instituto e a CEDEC com o objetivo de subsidiar a implementa\u00e7\u00e3o de a\u00e7\u00f5es adequadas para a an\u00e1lise t\u00e9cnica de \u00e1reas de risco no Estado de S\u00e3o Paulo. A opera\u00e7\u00e3o do plano ocorreu no per\u00edodo de 01 de dezembro de 2006 a 31 de mar\u00e7o de 2007 e abrangeu 26 munic\u00edpios. O IG foi acionado emergencialmente por tres vezes, as quais resultaram na interdi\u00e7\u00e3o definitiva de 15 moradias e tempor\u00e1ria de 29, ocasionando a remo\u00e7\u00e3o preventiva de 183 pessoas. No per\u00edodo que antecedeu a opera\u00e7\u00e3o do PPDC foram realizados oito cursos de treinamento com a participa\u00e7\u00e3o de 325 pessoas. O relat\u00f3rio destaca a import\u00e2ncia do plano na redu\u00e7\u00e3o das consequ\u00eancias dos desastres naturais, mas ressalta a necessidade de aperfei\u00e7oamento em rela\u00e7\u00e3o ao monitoramento das chuvas e de cartografias de risco.<\/p>\n","protected":false},"excerpt":{"rendered":"<p>Foto: Rodolfo M. Mendes &#8211; Monte Alto O Instituto Geol\u00f3gico encaminhou \u00e0 Coordenadoria Estadual de Defesa Civil (CEDEC) da Casa Militar relat\u00f3rio sobre a participa\u00e7\u00e3o t\u00e9cnica realizada referente ao Termo de Coopera\u00e7\u00e3o entre o Instituto e a CEDEC com o objetivo de subsidiar a implementa\u00e7\u00e3o de a\u00e7\u00f5es adequadas para a an\u00e1lise t\u00e9cnica de \u00e1reas de [&hellip;]<\/p>\n","protected":false},"author":1,"featured_media":0,"comment_status":"open","ping_status":"open","sticky":false,"template":"","format":"standard","meta":[],"categories":[1850],"tags":[],"_links":{"self":[{"href":"https:\/\/www.infraestruturameioambiente.sp.gov.br\/institutogeologico\/wp-json\/wp\/v2\/posts\/6576"}],"collection":[{"href":"https:\/\/www.infraestruturameioambiente.sp.gov.br\/institutogeologico\/wp-json\/wp\/v2\/posts"}],"about":[{"href":"https:\/\/www.infraestruturameioambiente.sp.gov.br\/institutogeologico\/wp-json\/wp\/v2\/types\/post"}],"author":[{"embeddable":true,"href":"https:\/\/www.infraestruturameioambiente.sp.gov.br\/institutogeologico\/wp-json\/wp\/v2\/users\/1"}],"replies":[{"embeddable":true,"href":"https:\/\/www.infraestruturameioambiente.sp.gov.br\/institutogeologico\/wp-json\/wp\/v2\/comments?post=6576"}],"version-history":[{"count":0,"href":"https:\/\/www.infraestruturameioambiente.sp.gov.br\/institutogeologico\/wp-json\/wp\/v2\/posts\/6576\/revisions"}],"wp:attachment":[{"href":"https:\/\/www.infraestruturameioambiente.sp.gov.br\/institutogeologico\/wp-json\/wp\/v2\/media?parent=6576"}],"wp:term":[{"taxonomy":"category","embeddable":true,"href":"https:\/\/www.infraestruturameioambiente.sp.gov.br\/institutogeologico\/wp-json\/wp\/v2\/categories?post=6576"},{"taxonomy":"post_tag","embeddable":true,"href":"https:\/\/www.infraestruturameioambiente.sp.gov.br\/institutogeologico\/wp-json\/wp\/v2\/tags?post=6576"}],"curies":[{"name":"wp","href":"https:\/\/api.w.org\/{rel}","templated":true}]}}