{"id":6553,"date":"2008-02-18T00:00:00","date_gmt":"2008-02-18T03:00:00","guid":{"rendered":"https:\/\/www.infraestruturameioambiente.sp.gov.br\/institutogeologico\/automatico\/quantificacao-de-geoindicadores-da-degradacao-ambiental-e-tema-de-pos-doutorado-de-pesquisador-do-ig\/"},"modified":"2008-02-18T00:00:00","modified_gmt":"2008-02-18T03:00:00","slug":"quantificacao-de-geoindicadores-da-degradacao-ambiental-e-tema-de-pos-doutorado-de-pesquisador-do-ig","status":"publish","type":"post","link":"https:\/\/www.infraestruturameioambiente.sp.gov.br\/institutogeologico\/2008\/02\/quantificacao-de-geoindicadores-da-degradacao-ambiental-e-tema-de-pos-doutorado-de-pesquisador-do-ig\/","title":{"rendered":"Quantifica\u00e7\u00e3o de geoindicadores da degrada\u00e7\u00e3o ambiental \u00e9 tema de p\u00f3s-doutorado de pesquisador do IG"},"content":{"rendered":"<div id=\"gallery-1\" class=\"gallery gallery-columns-1 gallery-size-thumbnail\">\n<dl class=\"gallery-item\">\n<dt class=\"gallery-icon\"><a href=\"https:\/\/smastr16.blob.core.windows.net\/igeo\/noticias\/igeologico\/fotos\/2_18_RDKF.jpg\" title=\"Foto: Claudio J. Ferreira\"><img decoding=\"async\" width=\"150\" src=\"https:\/\/smastr16.blob.core.windows.net\/igeo\/noticias\/igeologico\/fotos\/2_18_RDKF.jpg\" class=\"attachment-thumbnail\" alt=\"Foto: Claudio J. Ferreira\" \/><\/a><\/dt>\n<dd class=\"wp-caption-text gallery-caption\">Foto: Claudio J. Ferreira<\/dd>\n<\/dl>\n<p><br style=\"clear: both\" \/>\n<\/div>\n<p>O pesquisador Cl\u00e1udio Jos\u00e9 Ferreira iniciou em 01 de fevereiro, est\u00e1gio de p\u00f3s-doutorado de um ano, no Departamento de Engenharia Civil e Estrutural da Universidade de Sheffield, Reino Unido. O projeto intitulado Defini\u00e7\u00e3o de geoindicadores e quantifica\u00e7\u00e3o num\u00e9rica da degrada\u00e7\u00e3o ambiental devido \u00e0 extra\u00e7\u00e3o mineral no Litoral Norte do Estado de S\u00e3o Paulo obteve financiamento da FAPESP por meio de bolsa de p\u00f3s-doutoramento do Programa Novas Fronteiras. O estudo procura responder as quest\u00f5es: Qual intensidade de degrada\u00e7\u00e3o dos s\u00edtios minerados? Como classificar e hierarquizar a degrada\u00e7\u00e3o nos diferentes munic\u00edpios, sub-bacias ou bairros? Quais indicadores e \u00edndices seriam adequados para serem utilizados em um monitoramento da qualidade ambiental? Seus objetivos s\u00e3o: definir indicadores da degrada\u00e7\u00e3o ambiental devido \u00e0 explora\u00e7\u00e3o mineral de saibro e rocha, ocorrida no Litoral Norte nas \u00faltimas quatro d\u00e9cadas, quantificar numericamente a degrada\u00e7\u00e3o e an\u00e1lisar a evolu\u00e7\u00e3o dos indicadores e do \u00edndice de degrada\u00e7\u00e3o entre a d\u00e9cada de 1960 e 2001 para os quatro munic\u00edpios do Litoral Norte (Caraguatatuba, Ilhabela, S\u00e3o Sebasti\u00e3o e Ubatuba) e para a regi\u00e3o como um todo. O projeto utilizar\u00e1 como base metodol\u00f3gica sensoriamento remoto e an\u00e1lise espacial de dados em um sistema de informa\u00e7\u00f5es geogr\u00e1ficas (SIG). A pesquisa enquadra-se no contexto do desenvolvimento do projeto \u0093Diretrizes para a Regenera\u00e7\u00e3o S\u00f3cio-Ambiental de \u00c1reas Degradadas por Minera\u00e7\u00e3o de Saibro (Caixas de Empr\u00e9stimo), Ubatuba, SP\u0094, ampliando seu escopo para o Litoral Norte do Estado de S\u00e3o Paulo. O aumento da amostragem procura avan\u00e7ar no desenvolvimento metodol\u00f3gico e no tratamento e an\u00e1lise dos dados, o que permitir\u00e1 a proposi\u00e7\u00e3o de melhores pr\u00e1ticas para a implanta\u00e7\u00e3o de pol\u00edticas p\u00fablicas de recupera\u00e7\u00e3o s\u00f3cio-ambiental das \u00e1reas degradadas pela minera\u00e7\u00e3o do Litoral Norte, assim como fornecer\u00e1 instrumentos de monitoramento ambiental que possam subsidiar a avalia\u00e7\u00e3o de planos e a\u00e7\u00f5es de melhoria da qualidade ambiental e sustentabilidade das pr\u00e1ticas e pol\u00edticas do uso da terra.<\/p>\n","protected":false},"excerpt":{"rendered":"<p>Foto: Claudio J. Ferreira O pesquisador Cl\u00e1udio Jos\u00e9 Ferreira iniciou em 01 de fevereiro, est\u00e1gio de p\u00f3s-doutorado de um ano, no Departamento de Engenharia Civil e Estrutural da Universidade de Sheffield, Reino Unido. O projeto intitulado Defini\u00e7\u00e3o de geoindicadores e quantifica\u00e7\u00e3o num\u00e9rica da degrada\u00e7\u00e3o ambiental devido \u00e0 extra\u00e7\u00e3o mineral no Litoral Norte do Estado de [&hellip;]<\/p>\n","protected":false},"author":1,"featured_media":0,"comment_status":"open","ping_status":"open","sticky":false,"template":"","format":"standard","meta":[],"categories":[1850],"tags":[],"_links":{"self":[{"href":"https:\/\/www.infraestruturameioambiente.sp.gov.br\/institutogeologico\/wp-json\/wp\/v2\/posts\/6553"}],"collection":[{"href":"https:\/\/www.infraestruturameioambiente.sp.gov.br\/institutogeologico\/wp-json\/wp\/v2\/posts"}],"about":[{"href":"https:\/\/www.infraestruturameioambiente.sp.gov.br\/institutogeologico\/wp-json\/wp\/v2\/types\/post"}],"author":[{"embeddable":true,"href":"https:\/\/www.infraestruturameioambiente.sp.gov.br\/institutogeologico\/wp-json\/wp\/v2\/users\/1"}],"replies":[{"embeddable":true,"href":"https:\/\/www.infraestruturameioambiente.sp.gov.br\/institutogeologico\/wp-json\/wp\/v2\/comments?post=6553"}],"version-history":[{"count":0,"href":"https:\/\/www.infraestruturameioambiente.sp.gov.br\/institutogeologico\/wp-json\/wp\/v2\/posts\/6553\/revisions"}],"wp:attachment":[{"href":"https:\/\/www.infraestruturameioambiente.sp.gov.br\/institutogeologico\/wp-json\/wp\/v2\/media?parent=6553"}],"wp:term":[{"taxonomy":"category","embeddable":true,"href":"https:\/\/www.infraestruturameioambiente.sp.gov.br\/institutogeologico\/wp-json\/wp\/v2\/categories?post=6553"},{"taxonomy":"post_tag","embeddable":true,"href":"https:\/\/www.infraestruturameioambiente.sp.gov.br\/institutogeologico\/wp-json\/wp\/v2\/tags?post=6553"}],"curies":[{"name":"wp","href":"https:\/\/api.w.org\/{rel}","templated":true}]}}