{"id":6552,"date":"2006-09-11T00:00:00","date_gmt":"2006-09-11T03:00:00","guid":{"rendered":"https:\/\/www.infraestruturameioambiente.sp.gov.br\/institutogeologico\/automatico\/conferencia-internacional-sobre-reducao-de-desastres-%c2%96-idrc-2006-em-davos-aponta-diretrizes-para-o-gerenciamento-de-riscos\/"},"modified":"2006-09-11T00:00:00","modified_gmt":"2006-09-11T03:00:00","slug":"conferencia-internacional-sobre-reducao-de-desastres-%c2%96-idrc-2006-em-davos-aponta-diretrizes-para-o-gerenciamento-de-riscos","status":"publish","type":"post","link":"https:\/\/www.infraestruturameioambiente.sp.gov.br\/institutogeologico\/2006\/09\/conferencia-internacional-sobre-reducao-de-desastres-%c2%96-idrc-2006-em-davos-aponta-diretrizes-para-o-gerenciamento-de-riscos\/","title":{"rendered":"Confer\u00eancia Internacional sobre Redu\u00e7\u00e3o de Desastres \u0096 IDRC 2006- em Davos aponta diretrizes para o gerenciamento de riscos"},"content":{"rendered":"<div id=\"gallery-1\" class=\"gallery gallery-columns-1 gallery-size-thumbnail\">\n<dl class=\"gallery-item\">\n<dt class=\"gallery-icon\"><a href=\"https:\/\/smastr16.blob.core.windows.net\/igeo\/noticias\/igeologico\/fotos\/9_11_EPYK.jpg\" title=\"Foto: Cl\u00e1udio Jos\u00e9 Ferreira\"><img decoding=\"async\" width=\"150\" src=\"https:\/\/smastr16.blob.core.windows.net\/igeo\/noticias\/igeologico\/fotos\/9_11_EPYK.jpg\" class=\"attachment-thumbnail\" alt=\"Foto: Cl\u00e1udio Jos\u00e9 Ferreira\" \/><\/a><\/dt>\n<dd class=\"wp-caption-text gallery-caption\">Foto: Cl\u00e1udio Jos\u00e9 Ferreira<\/dd>\n<\/dl>\n<p><br style=\"clear: both\" \/>\n<\/div>\n<p>Encerrou-se no dia 01 de setembro, sexta-feira, a Confer\u00eancia Internacional sobre Redu\u00e7\u00e3o de Desastres, em Davos, Sui\u00e7a. Na opini\u00e3o do pesquisador Cl\u00e1udio Jos\u00e9 Ferreira que participou do evento os principais destaques foram:<\/p>\n<p>GERENCIAMENTO INTEGRADO DE RISCO.<br \/> <br \/>\nDiversos modelos propostos sintetizaram as etapas de gerenciamento integrado de risco em: a) an\u00e1lise de risco (o que, quando e quais a conseq\u00fc\u00eancias), b) avalia\u00e7\u00e3o de risco (o que \u00e9 aceit\u00e1vel), c) planejamento, d) implementa\u00e7\u00e3o. Uma a\u00e7\u00e3o sustent\u00e1vel no gerenciamento de risco comprende, ent\u00e3o, quatro vertentes: 1) conhecimento e recursos, 2) comprometimento institucional, 3) participa\u00e7\u00e3o social, e 4) planos de a\u00e7\u00e3o. Novas vis\u00f5es e m\u00e9todos foram apresentados quanto a caracteriza\u00e7\u00e3o dos processos (uso de fractais, mapeamento geot\u00e9cnico, monitoramento por sat\u00e9lites, quantifica\u00e7\u00e3o da vulnerabilidade, percep\u00e7\u00e3o social do risco, etc).<\/p>\n<p>GEOTECNOLOGIAS<br \/> <br \/>\nH\u00e1 um esfor\u00e7o na Europa de constru\u00e7\u00e3o de robustos sistemas de informa\u00e7\u00e3o que centralizem e conectem sistemas locais para o gerenciamento de risco. Pelo menos dois sistemas foram apresentados, o ORCHESTRA (Open Architecture and Spatial Data Infrastructure for Risk Management, http:\/\/www.eu-orchestra.org) e o WIN-SOA (Wide Information Network for Risk Management-Service Oriented Architecture, http:\/\/win-eu.org). Ambos iniciaram-se em 2004, trabalham com plataforma aberta e tem a dif\u00edcil miss\u00e3o de lidar com v\u00e1rios tipos de dados, de diferentes fontes e formatos de uma forma integradas.<br \/> <br \/>\nDiversos outros exemplos apontaram o papel das geotecnologias na redu\u00e7\u00e3o dos desastres naturais. Um dos mais extraordin\u00e1rios foi o de mapeamento em tempo real do perigo a inunda\u00e7\u00e3o em T\u00f3quio, apresentado por Nazane Kazuo, do Instituto Nacional de Pesquisas em Geoci\u00eancias e Preven\u00e7\u00e3o de Desastres, do Jap\u00e3o. Com base em radar metereol\u00f3gico de alta resolu\u00e7\u00e3o e no c\u00e1lculo da vaz\u00e3o da drenagem urbana, o sistema mapeia a cada 10 minutos as zonas sujeitas a inunda\u00e7\u00e3o. Tal exemplo, identifica com clareza o potencial do uso do GIS e mostra como os produtos de mapeamento de risco devem ser extremamente din\u00e2micos, orientando os desafios metodol\u00f3gicos a serem alcan\u00e7ados. Discutiu-se que um dos principais problema a serem solucionados para uma efetiva utiliza\u00e7\u00e3o, quer seja em sistemas mais simples ou mais complexos, \u00e9 a falta de capacita\u00e7\u00e3o dos recursos humanos. Treinamento, capacita\u00e7\u00e3o e envolvimento do usu\u00e1rio \u00e9 uma quest\u00e3o vital para o sucesso dos projetos de gest\u00e3o de riscos com base em GIS.<\/p>\n<p>ORGANISMOS GENETICAMENTE MODIFICADOS<br \/> <br \/>\nOutro assunto de destaque foi o trazido pela russa Irina Ermakova, do Instituto de Neurofisiologia e Atividade Nervosa, de Moscou, que apontou quest\u00f5es bem fundamentadas sobre os riscos biol\u00f3gicos do uso de organismos geneticamente modificados, principalmente quanto ao uso de genes de bact\u00e9rias do g\u00eanero plasmodium, os quais podem desenvolverem-se sem controle nos produtos vegetais, com alto risco de infec\u00e7\u00e3o aos usu\u00e1rios, quer sejam animais ou pessoas.<\/p>\n<p>TERRORISMO<br \/> <br \/>\nUm painel espec\u00edfico sobre o tema caracterizou os diferentes tipos de terrorismo e sua evolu\u00e7\u00e3o para o que \u00e9 chamado agora de terrorismo transnacional que caracteriza-se por uma ideologia transnacional (por exemplo, religiosa), estrutura em rede descentralizada e participa\u00e7\u00e3o do cidad\u00e3o que vive legalmente na sociedade. O promotor adjunto de Mil\u00e3o, Sparato Armando, destacou a diferen\u00e7a de diretrizes, entre o sistema europeu, exceto Reino Unido, e o sistema americano e ingl\u00eas. O primeiro busca as medidas visam estabelecer um processo criminal, enquanto o segundo privilegia o conceito de seguran\u00e7a, no qual o direito processual \u00e9 um obst\u00e1culo.<\/p>\n","protected":false},"excerpt":{"rendered":"<p>Foto: Cl\u00e1udio Jos\u00e9 Ferreira Encerrou-se no dia 01 de setembro, sexta-feira, a Confer\u00eancia Internacional sobre Redu\u00e7\u00e3o de Desastres, em Davos, Sui\u00e7a. Na opini\u00e3o do pesquisador Cl\u00e1udio Jos\u00e9 Ferreira que participou do evento os principais destaques foram: GERENCIAMENTO INTEGRADO DE RISCO. Diversos modelos propostos sintetizaram as etapas de gerenciamento integrado de risco em: a) an\u00e1lise de [&hellip;]<\/p>\n","protected":false},"author":1,"featured_media":0,"comment_status":"open","ping_status":"open","sticky":false,"template":"","format":"standard","meta":[],"categories":[1850],"tags":[],"_links":{"self":[{"href":"https:\/\/www.infraestruturameioambiente.sp.gov.br\/institutogeologico\/wp-json\/wp\/v2\/posts\/6552"}],"collection":[{"href":"https:\/\/www.infraestruturameioambiente.sp.gov.br\/institutogeologico\/wp-json\/wp\/v2\/posts"}],"about":[{"href":"https:\/\/www.infraestruturameioambiente.sp.gov.br\/institutogeologico\/wp-json\/wp\/v2\/types\/post"}],"author":[{"embeddable":true,"href":"https:\/\/www.infraestruturameioambiente.sp.gov.br\/institutogeologico\/wp-json\/wp\/v2\/users\/1"}],"replies":[{"embeddable":true,"href":"https:\/\/www.infraestruturameioambiente.sp.gov.br\/institutogeologico\/wp-json\/wp\/v2\/comments?post=6552"}],"version-history":[{"count":0,"href":"https:\/\/www.infraestruturameioambiente.sp.gov.br\/institutogeologico\/wp-json\/wp\/v2\/posts\/6552\/revisions"}],"wp:attachment":[{"href":"https:\/\/www.infraestruturameioambiente.sp.gov.br\/institutogeologico\/wp-json\/wp\/v2\/media?parent=6552"}],"wp:term":[{"taxonomy":"category","embeddable":true,"href":"https:\/\/www.infraestruturameioambiente.sp.gov.br\/institutogeologico\/wp-json\/wp\/v2\/categories?post=6552"},{"taxonomy":"post_tag","embeddable":true,"href":"https:\/\/www.infraestruturameioambiente.sp.gov.br\/institutogeologico\/wp-json\/wp\/v2\/tags?post=6552"}],"curies":[{"name":"wp","href":"https:\/\/api.w.org\/{rel}","templated":true}]}}