{"id":6547,"date":"2006-03-22T00:00:00","date_gmt":"2006-03-22T03:00:00","guid":{"rendered":"https:\/\/www.infraestruturameioambiente.sp.gov.br\/institutogeologico\/automatico\/ig-comemora-os-120-anos-de-criacao-da-comissao-geografica-e-geologica\/"},"modified":"2006-03-22T00:00:00","modified_gmt":"2006-03-22T03:00:00","slug":"ig-comemora-os-120-anos-de-criacao-da-comissao-geografica-e-geologica","status":"publish","type":"post","link":"https:\/\/www.infraestruturameioambiente.sp.gov.br\/institutogeologico\/2006\/03\/ig-comemora-os-120-anos-de-criacao-da-comissao-geografica-e-geologica\/","title":{"rendered":"IG comemora os 120 anos de cria\u00e7\u00e3o da Comiss\u00e3o Geogr\u00e1fica e Geol\u00f3gica"},"content":{"rendered":"<div id=\"gallery-1\" class=\"gallery gallery-columns-1 gallery-size-thumbnail\">\n<dl class=\"gallery-item\">\n<dt class=\"gallery-icon\"><a href=\"https:\/\/smastr16.blob.core.windows.net\/igeo\/noticias\/igeologico\/fotos\/3_22_NGHF.jpg\" title=\"Foto: CGG\"><img decoding=\"async\" width=\"150\" src=\"https:\/\/smastr16.blob.core.windows.net\/igeo\/noticias\/igeologico\/fotos\/3_22_NGHF.jpg\" class=\"attachment-thumbnail\" alt=\"Foto: CGG\" \/><\/a><\/dt>\n<dd class=\"wp-caption-text gallery-caption\">Foto: CGG<\/dd>\n<\/dl>\n<p><br style=\"clear: both\" \/>\n<\/div>\n<p>No dia 27 de Mar\u00e7o de 2006, \u00e0s 10h00, nas depend\u00eancias do Instituto Geol\u00f3gico, ser\u00e1 realizada a solenidade comemorativa &#8220;O Instituto Geol\u00f3gico nos 120 anos de Cria\u00e7\u00e3o da Comiss\u00e3o Geogr\u00e1fica e Geol\u00f3gica&#8221;.<br \/> <br \/>\n\tNa ocasi\u00e3o ser\u00e1 proferida uma palestra pela Profa. Dra. Silvia Fernanda de Mendon\u00e7a Figueir\u00f4a, do Departamento de Geoci\u00eancias Aplicadas ao Ensino do Instituto de Geoci\u00eancias da UNICAMP. Silvia Figueir\u00f4a publicou diversos livros como autora e\/ou organizadora e v\u00e1rios artigos em peri\u00f3dicos especializados nacionais e internacionais. \u00c9 considerada uma das autoridades mais competentes nos temas relacionados com a hist\u00f3ria e an\u00e1lise da Comiss\u00e3o Geogr\u00e1fica e Geol\u00f3gica \u0096 CGG.<br \/> <br \/>\n\tA CGG foi criada pela lei n\u00b0 09 de 27 de Mar\u00e7o de 1886 pelo ent\u00e3o Presidente da Prov\u00edncia de S\u00e3o Paulo, Conselheiro Jo\u00e3o Alfredo Corr\u00eaa de Oliveira, para proceder ao levantamento do territ\u00f3rio paulista e de seus recursos naturais. Teve como primeiro chefe o ge\u00f3logo norte-americano Orville Adelbert Derby, considerado o \u0093Pai da Geologia do Brasil\u0094.<br \/> <br \/>\n\tA CGG representou o esfor\u00e7o mais antigo das pesquisas cient\u00edficas no Estado de S\u00e3o Paulo, tendo originado importantes institui\u00e7\u00f5es p\u00fablicas de pesquisa, dentre as quais os atuais os institutos Geol\u00f3gico, Florestal e de Bot\u00e2nica da Secretaria do Meio Ambiente, o Instituto Geogr\u00e1fico e Cartogr\u00e1fico da Secretaria de Economia e Planejamento e o Instituto Astron\u00f4mico e Geof\u00edsico, al\u00e9m dos museus Paulista, de Zoologia e de Arqueologia e Etnologia da Universidade de S\u00e3o Paulo.<\/p>\n","protected":false},"excerpt":{"rendered":"<p>Foto: CGG No dia 27 de Mar\u00e7o de 2006, \u00e0s 10h00, nas depend\u00eancias do Instituto Geol\u00f3gico, ser\u00e1 realizada a solenidade comemorativa &#8220;O Instituto Geol\u00f3gico nos 120 anos de Cria\u00e7\u00e3o da Comiss\u00e3o Geogr\u00e1fica e Geol\u00f3gica&#8221;. Na ocasi\u00e3o ser\u00e1 proferida uma palestra pela Profa. Dra. Silvia Fernanda de Mendon\u00e7a Figueir\u00f4a, do Departamento de Geoci\u00eancias Aplicadas ao Ensino [&hellip;]<\/p>\n","protected":false},"author":1,"featured_media":0,"comment_status":"open","ping_status":"open","sticky":false,"template":"","format":"standard","meta":[],"categories":[1850],"tags":[],"_links":{"self":[{"href":"https:\/\/www.infraestruturameioambiente.sp.gov.br\/institutogeologico\/wp-json\/wp\/v2\/posts\/6547"}],"collection":[{"href":"https:\/\/www.infraestruturameioambiente.sp.gov.br\/institutogeologico\/wp-json\/wp\/v2\/posts"}],"about":[{"href":"https:\/\/www.infraestruturameioambiente.sp.gov.br\/institutogeologico\/wp-json\/wp\/v2\/types\/post"}],"author":[{"embeddable":true,"href":"https:\/\/www.infraestruturameioambiente.sp.gov.br\/institutogeologico\/wp-json\/wp\/v2\/users\/1"}],"replies":[{"embeddable":true,"href":"https:\/\/www.infraestruturameioambiente.sp.gov.br\/institutogeologico\/wp-json\/wp\/v2\/comments?post=6547"}],"version-history":[{"count":0,"href":"https:\/\/www.infraestruturameioambiente.sp.gov.br\/institutogeologico\/wp-json\/wp\/v2\/posts\/6547\/revisions"}],"wp:attachment":[{"href":"https:\/\/www.infraestruturameioambiente.sp.gov.br\/institutogeologico\/wp-json\/wp\/v2\/media?parent=6547"}],"wp:term":[{"taxonomy":"category","embeddable":true,"href":"https:\/\/www.infraestruturameioambiente.sp.gov.br\/institutogeologico\/wp-json\/wp\/v2\/categories?post=6547"},{"taxonomy":"post_tag","embeddable":true,"href":"https:\/\/www.infraestruturameioambiente.sp.gov.br\/institutogeologico\/wp-json\/wp\/v2\/tags?post=6547"}],"curies":[{"name":"wp","href":"https:\/\/api.w.org\/{rel}","templated":true}]}}