{"id":6546,"date":"2008-12-24T00:00:00","date_gmt":"2008-12-24T02:00:00","guid":{"rendered":"https:\/\/www.infraestruturameioambiente.sp.gov.br\/institutogeologico\/automatico\/atendimento-emergencial-realizado-pelo-instituto-geologico-em-santa-catarina-em-razao-do-desastre-ocorrido-em-novembro-de-2008\/"},"modified":"2008-12-24T00:00:00","modified_gmt":"2008-12-24T02:00:00","slug":"atendimento-emergencial-realizado-pelo-instituto-geologico-em-santa-catarina-em-razao-do-desastre-ocorrido-em-novembro-de-2008","status":"publish","type":"post","link":"https:\/\/www.infraestruturameioambiente.sp.gov.br\/institutogeologico\/2008\/12\/atendimento-emergencial-realizado-pelo-instituto-geologico-em-santa-catarina-em-razao-do-desastre-ocorrido-em-novembro-de-2008\/","title":{"rendered":"Atendimento emergencial realizado pelo Instituto Geol\u00f3gico em Santa Catarina em raz\u00e3o do desastre ocorrido em novembro de 2008"},"content":{"rendered":"<div id=\"gallery-1\" class=\"gallery gallery-columns-1 gallery-size-thumbnail\">\n<dl class=\"gallery-item\">\n<dt class=\"gallery-icon\"><a href=\"https:\/\/smastr16.blob.core.windows.net\/igeo\/noticias\/igeologico\/fotos\/12_24_FJNX.jpg\" title=\"Foto: IG-SMA\"><img decoding=\"async\" width=\"150\" src=\"https:\/\/smastr16.blob.core.windows.net\/igeo\/noticias\/igeologico\/fotos\/12_24_FJNX.jpg\" class=\"attachment-thumbnail\" alt=\"Foto: IG-SMA\" \/><\/a><\/dt>\n<dd class=\"wp-caption-text gallery-caption\">Foto: IG-SMA<\/dd>\n<\/dl>\n<p><br style=\"clear: both\" \/>\n<\/div>\n<p>Entre os dias 21 e 23 de novembro de 2008, na regi\u00e3o do Vale do Itaja\u00ed, em Santa Catarina, choveu em torno de 600 mm, aumentando os n\u00edveis pluviom\u00e9tricos j\u00e1 acumulados desde o m\u00eas de agosto. Em conseq\u00fc\u00eancia adveio uma situa\u00e7\u00e3o hist\u00f3rica de desastre, registrando-se inunda\u00e7\u00e3o generalizada e um grande n\u00famero de movimentos de massa de diversos tipos, levando a destrui\u00e7\u00e3o de bens, mortes e desabrigados.<br \/> <br \/>\nNesta condi\u00e7\u00e3o adversa de grande magnitude, diversos munic\u00edpios da regi\u00e3o decretaram estado de calamidade e o pa\u00eds todo se mobilizou para ajudar o Estado de Santa Catarina. Assim, o Governador do Estado de S\u00e3o Paulo, Jos\u00e9 Serra, por meio de seus Secret\u00e1rios de Estado do Meio Ambiente, Dr. Xico Graziano, e da Casa Militar, tamb\u00e9m Coordenador da Defesa Civil Estadual, Cel. PM Luiz Massao Kita, solicitou ao Instituto Geol\u00f3gico o envio de ge\u00f3logos para auxiliar as equipes de Santa Catarina nos atendimentos emergenciais aos in\u00fameros escorregamentos que ocorreram desde o in\u00edcio das chuvas.<br \/> <br \/>\nEsta solicita\u00e7\u00e3o deveu-se \u00e0 reconhecida capacidade t\u00e9cnica do Instituto Geol\u00f3gico na \u00e1rea de preven\u00e7\u00e3o a desastres naturais, atuando desde 1989 na opera\u00e7\u00e3o de Planos Preventivos de Defesa Civil (PPDC) no Estado de S\u00e3o Paulo, sob coordena\u00e7\u00e3o da Defesa Civil Estadual. Desta forma, deu-se o apoio t\u00e9cnico \u00e0s a\u00e7\u00f5es emergenciais de atendimento \u00e0s comunidades catarinenses atingidas pelos escorregamentos, com o envio de cinco t\u00e9cnicos (quatro ge\u00f3logos e um ge\u00f3grafo) com larga experi\u00eancia em avalia\u00e7\u00f5es de risco de escorregamentos.<br \/> <br \/>\nEste apoio deu-se no per\u00edodo de 26 de novembro a 11 de dezembro, com o envio, em diferentes per\u00edodos, dos ge\u00f3logos Jair Santoro, L\u00eddia Keiko Tominaga, Paulo Fernandes da Silva, da Eng\u00aa Ge\u00f3loga Daniela G\u00edrio Marchiori Faria e do ge\u00f3grafo Rog\u00e9rio Rodrigues Ribeiro. Estes t\u00e9cnicos estiveram acompanhados por equipes da Defesa Civil Estadual (CEDEC) e do Instituto de Pesquisas Tecnol\u00f3gicas (IPT), que colaboraram nos atendimentos emergenciais aos munic\u00edpios atingidos pelos escorregamentos.<\/p>\n","protected":false},"excerpt":{"rendered":"<p>Foto: IG-SMA Entre os dias 21 e 23 de novembro de 2008, na regi\u00e3o do Vale do Itaja\u00ed, em Santa Catarina, choveu em torno de 600 mm, aumentando os n\u00edveis pluviom\u00e9tricos j\u00e1 acumulados desde o m\u00eas de agosto. Em conseq\u00fc\u00eancia adveio uma situa\u00e7\u00e3o hist\u00f3rica de desastre, registrando-se inunda\u00e7\u00e3o generalizada e um grande n\u00famero de movimentos [&hellip;]<\/p>\n","protected":false},"author":1,"featured_media":0,"comment_status":"open","ping_status":"open","sticky":false,"template":"","format":"standard","meta":[],"categories":[1850],"tags":[],"_links":{"self":[{"href":"https:\/\/www.infraestruturameioambiente.sp.gov.br\/institutogeologico\/wp-json\/wp\/v2\/posts\/6546"}],"collection":[{"href":"https:\/\/www.infraestruturameioambiente.sp.gov.br\/institutogeologico\/wp-json\/wp\/v2\/posts"}],"about":[{"href":"https:\/\/www.infraestruturameioambiente.sp.gov.br\/institutogeologico\/wp-json\/wp\/v2\/types\/post"}],"author":[{"embeddable":true,"href":"https:\/\/www.infraestruturameioambiente.sp.gov.br\/institutogeologico\/wp-json\/wp\/v2\/users\/1"}],"replies":[{"embeddable":true,"href":"https:\/\/www.infraestruturameioambiente.sp.gov.br\/institutogeologico\/wp-json\/wp\/v2\/comments?post=6546"}],"version-history":[{"count":0,"href":"https:\/\/www.infraestruturameioambiente.sp.gov.br\/institutogeologico\/wp-json\/wp\/v2\/posts\/6546\/revisions"}],"wp:attachment":[{"href":"https:\/\/www.infraestruturameioambiente.sp.gov.br\/institutogeologico\/wp-json\/wp\/v2\/media?parent=6546"}],"wp:term":[{"taxonomy":"category","embeddable":true,"href":"https:\/\/www.infraestruturameioambiente.sp.gov.br\/institutogeologico\/wp-json\/wp\/v2\/categories?post=6546"},{"taxonomy":"post_tag","embeddable":true,"href":"https:\/\/www.infraestruturameioambiente.sp.gov.br\/institutogeologico\/wp-json\/wp\/v2\/tags?post=6546"}],"curies":[{"name":"wp","href":"https:\/\/api.w.org\/{rel}","templated":true}]}}