{"id":6544,"date":"2008-11-14T00:00:00","date_gmt":"2008-11-14T02:00:00","guid":{"rendered":"https:\/\/www.infraestruturameioambiente.sp.gov.br\/institutogeologico\/automatico\/pesquisadores-do-instituto-geologico-participam-do-xv-congresso-brasileiro-de-aguas-subterraneas\/"},"modified":"2008-11-14T00:00:00","modified_gmt":"2008-11-14T02:00:00","slug":"pesquisadores-do-instituto-geologico-participam-do-xv-congresso-brasileiro-de-aguas-subterraneas","status":"publish","type":"post","link":"https:\/\/www.infraestruturameioambiente.sp.gov.br\/institutogeologico\/2008\/11\/pesquisadores-do-instituto-geologico-participam-do-xv-congresso-brasileiro-de-aguas-subterraneas\/","title":{"rendered":"Pesquisadores do Instituto Geol\u00f3gico participam do XV Congresso Brasileiro de \u00c1guas Subterr\u00e2neas"},"content":{"rendered":"<div id=\"gallery-1\" class=\"gallery gallery-columns-1 gallery-size-thumbnail\">\n<dl class=\"gallery-item\">\n<dt class=\"gallery-icon\"><a href=\"https:\/\/smastr16.blob.core.windows.net\/igeo\/noticias\/igeologico\/fotos\/11_14_WLYB.jpg\" title=\"Foto: IG\/SMA\"><img decoding=\"async\" width=\"150\" src=\"https:\/\/smastr16.blob.core.windows.net\/igeo\/noticias\/igeologico\/fotos\/11_14_WLYB.jpg\" class=\"attachment-thumbnail\" alt=\"Foto: IG\/SMA\" \/><\/a><\/dt>\n<dd class=\"wp-caption-text gallery-caption\">Foto: IG\/SMA<\/dd>\n<\/dl>\n<p><br style=\"clear: both\" \/>\n<\/div>\n<p>Pesquisadores do Instituto Geol\u00f3gico participam ativamente do XV Congresso Brasileiro de \u00c1guas Subterr\u00e2neas, que acontece no per\u00edodo de 11 a 14 de novembro em Natal &#8211; RN, conjuntamente com o XVI Congresso Nacional de Perfuradores de Po\u00e7os e a Feira Nacional da \u00c1gua &#8211; FEN\u00c1GUA.<\/p>\n<p>No evento os pesquisadores apresentaram, na forma oral, o trabalho &#8220;Uso de is\u00f3potos est\u00e1veis e gases para avalia\u00e7\u00e3o de desnitrifica\u00e7\u00e3o na zona n\u00e3o-saturada do Aqu\u00edfero Adamantina (Ur\u00e2nia, SP)&#8221; e, na forma de poster, os trabalhos &#8220;\u00c1reas de prote\u00e7\u00e3o do Sistema Aqu\u00edfero Tubar\u00e3o no Munic\u00edpio de Capivari (SP)&#8221; e &#8220;Hidroqu\u00edmica dos Aqu\u00edferos Tubar\u00e3o, Cristalino e do Manto de Intemperismo da Regi\u00e3o de Salto-Indaiatuba (SP)&#8221;.<\/p>\n","protected":false},"excerpt":{"rendered":"<p>Foto: IG\/SMA Pesquisadores do Instituto Geol\u00f3gico participam ativamente do XV Congresso Brasileiro de \u00c1guas Subterr\u00e2neas, que acontece no per\u00edodo de 11 a 14 de novembro em Natal &#8211; RN, conjuntamente com o XVI Congresso Nacional de Perfuradores de Po\u00e7os e a Feira Nacional da \u00c1gua &#8211; FEN\u00c1GUA. No evento os pesquisadores apresentaram, na forma oral, [&hellip;]<\/p>\n","protected":false},"author":1,"featured_media":0,"comment_status":"open","ping_status":"open","sticky":false,"template":"","format":"standard","meta":[],"categories":[1850],"tags":[],"_links":{"self":[{"href":"https:\/\/www.infraestruturameioambiente.sp.gov.br\/institutogeologico\/wp-json\/wp\/v2\/posts\/6544"}],"collection":[{"href":"https:\/\/www.infraestruturameioambiente.sp.gov.br\/institutogeologico\/wp-json\/wp\/v2\/posts"}],"about":[{"href":"https:\/\/www.infraestruturameioambiente.sp.gov.br\/institutogeologico\/wp-json\/wp\/v2\/types\/post"}],"author":[{"embeddable":true,"href":"https:\/\/www.infraestruturameioambiente.sp.gov.br\/institutogeologico\/wp-json\/wp\/v2\/users\/1"}],"replies":[{"embeddable":true,"href":"https:\/\/www.infraestruturameioambiente.sp.gov.br\/institutogeologico\/wp-json\/wp\/v2\/comments?post=6544"}],"version-history":[{"count":0,"href":"https:\/\/www.infraestruturameioambiente.sp.gov.br\/institutogeologico\/wp-json\/wp\/v2\/posts\/6544\/revisions"}],"wp:attachment":[{"href":"https:\/\/www.infraestruturameioambiente.sp.gov.br\/institutogeologico\/wp-json\/wp\/v2\/media?parent=6544"}],"wp:term":[{"taxonomy":"category","embeddable":true,"href":"https:\/\/www.infraestruturameioambiente.sp.gov.br\/institutogeologico\/wp-json\/wp\/v2\/categories?post=6544"},{"taxonomy":"post_tag","embeddable":true,"href":"https:\/\/www.infraestruturameioambiente.sp.gov.br\/institutogeologico\/wp-json\/wp\/v2\/tags?post=6544"}],"curies":[{"name":"wp","href":"https:\/\/api.w.org\/{rel}","templated":true}]}}