{"id":6540,"date":"2007-09-25T00:00:00","date_gmt":"2007-09-25T03:00:00","guid":{"rendered":"https:\/\/www.infraestruturameioambiente.sp.gov.br\/institutogeologico\/automatico\/funcionarios-do-ig-recebem-treinamento-basico-em-geociencias\/"},"modified":"2015-08-27T09:31:19","modified_gmt":"2015-08-27T12:31:19","slug":"funcionarios-do-ig-recebem-treinamento-basico-em-geociencias","status":"publish","type":"post","link":"https:\/\/www.infraestruturameioambiente.sp.gov.br\/institutogeologico\/2007\/09\/funcionarios-do-ig-recebem-treinamento-basico-em-geociencias\/","title":{"rendered":"Funcion\u00e1rios do IG recebem treinamento b\u00e1sico em  Geoci\u00eancias"},"content":{"rendered":"<div class=\"gallery gallery-columns-1 gallery-size-thumbnail\" id=\"gallery-1\">\n<dl class=\"gallery-item\">\n<dt class=\"gallery-icon\"><a title=\"Foto: William Sallum Filho\" href=\"https:\/\/smastr16.blob.core.windows.net\/igeo\/noticias\/igeologico\/fotos\/9_25_EUKP.jpg\"><img decoding=\"async\" class=\"attachment-thumbnail\" alt=\"Foto: William Sallum Filho\" src=\"https:\/\/smastr16.blob.core.windows.net\/igeo\/noticias\/igeologico\/fotos\/9_25_EUKP.jpg\" width=\"150\" \/><\/a><\/dt>\n<dt class=\"gallery-icon\">Foto: William Sallum Filho<\/dt>\n<\/dl>\n<p>&nbsp;<\/p>\n<\/div>\n<p style=\"text-align: justify\">Foi realizado no Instituto Geol\u00f3gico, de 07 de agosto a 02 de setembro de 2007, o treinamento em \u0093Fundamentos em Geoci\u00eancias para funcion\u00e1rios do IG\u0094. Teve por objetivo proporcionar conhecimentos b\u00e1sicos em Geoci\u00eancias, de forma a auxiliar na capacita\u00e7\u00e3o profissional e nas suas atividades di\u00e1rias nas diversas se\u00e7\u00f5es do Instituto. O curso por foi ministrado por pesquisadores do IG a 30 funcion\u00e1rios e 22 estagi\u00e1rios.<\/p>\n<p style=\"text-align: justify\">As aulas foram distribu\u00eddas segundo os grandes temas de conhecimento das Geoci\u00eancias e as linhas de pesquisa do IG. Foram ministradas 8 aulas te\u00f3rico\/pr\u00e1ticas em sala de aula no IG (sede), uma aula pr\u00e1tica no Museu Geol\u00f3gico e uma atividade de campo de dois dias no Parque Estadual Intervales. No total foram 25 horas\/aula em sala e 16 horas\/atividade em campo.<\/p>\n<p style=\"text-align: justify\">A atividade de campo no Parque Estadual Intervales teve como objetivo o aprendizado das disciplinas ministradas em sala e aprender algumas t\u00e9cnicas utilizadas pelos pesquisadores em trabalhos de campo. Nesta atividade de campo foram visitadas duas cavernas e uma minera\u00e7\u00e3o de calc\u00e1rio para cimento (Companhia de Cimento Ribeir\u00e3o Grande-CCRG).<\/p>\n","protected":false},"excerpt":{"rendered":"<p>Foto: William Sallum Filho &nbsp; Foi realizado no Instituto Geol\u00f3gico, de 07 de agosto a 02 de setembro de 2007, o treinamento em \u0093Fundamentos em Geoci\u00eancias para funcion\u00e1rios do IG\u0094. Teve por objetivo proporcionar conhecimentos b\u00e1sicos em Geoci\u00eancias, de forma a auxiliar na capacita\u00e7\u00e3o profissional e nas suas atividades di\u00e1rias nas diversas se\u00e7\u00f5es do Instituto. [&hellip;]<\/p>\n","protected":false},"author":1,"featured_media":0,"comment_status":"open","ping_status":"open","sticky":false,"template":"","format":"standard","meta":[],"categories":[1850],"tags":[],"_links":{"self":[{"href":"https:\/\/www.infraestruturameioambiente.sp.gov.br\/institutogeologico\/wp-json\/wp\/v2\/posts\/6540"}],"collection":[{"href":"https:\/\/www.infraestruturameioambiente.sp.gov.br\/institutogeologico\/wp-json\/wp\/v2\/posts"}],"about":[{"href":"https:\/\/www.infraestruturameioambiente.sp.gov.br\/institutogeologico\/wp-json\/wp\/v2\/types\/post"}],"author":[{"embeddable":true,"href":"https:\/\/www.infraestruturameioambiente.sp.gov.br\/institutogeologico\/wp-json\/wp\/v2\/users\/1"}],"replies":[{"embeddable":true,"href":"https:\/\/www.infraestruturameioambiente.sp.gov.br\/institutogeologico\/wp-json\/wp\/v2\/comments?post=6540"}],"version-history":[{"count":2,"href":"https:\/\/www.infraestruturameioambiente.sp.gov.br\/institutogeologico\/wp-json\/wp\/v2\/posts\/6540\/revisions"}],"predecessor-version":[{"id":9816,"href":"https:\/\/www.infraestruturameioambiente.sp.gov.br\/institutogeologico\/wp-json\/wp\/v2\/posts\/6540\/revisions\/9816"}],"wp:attachment":[{"href":"https:\/\/www.infraestruturameioambiente.sp.gov.br\/institutogeologico\/wp-json\/wp\/v2\/media?parent=6540"}],"wp:term":[{"taxonomy":"category","embeddable":true,"href":"https:\/\/www.infraestruturameioambiente.sp.gov.br\/institutogeologico\/wp-json\/wp\/v2\/categories?post=6540"},{"taxonomy":"post_tag","embeddable":true,"href":"https:\/\/www.infraestruturameioambiente.sp.gov.br\/institutogeologico\/wp-json\/wp\/v2\/tags?post=6540"}],"curies":[{"name":"wp","href":"https:\/\/api.w.org\/{rel}","templated":true}]}}