{"id":6535,"date":"2007-03-23T00:00:00","date_gmt":"2007-03-23T03:00:00","guid":{"rendered":"https:\/\/www.infraestruturameioambiente.sp.gov.br\/institutogeologico\/automatico\/secretario-do-meio-ambiente-visita-o-museu-geologico-e-participa-de-reuniao-sobre-o-aquifero-guarani\/"},"modified":"2007-03-23T00:00:00","modified_gmt":"2007-03-23T03:00:00","slug":"secretario-do-meio-ambiente-visita-o-museu-geologico-e-participa-de-reuniao-sobre-o-aquifero-guarani","status":"publish","type":"post","link":"https:\/\/www.infraestruturameioambiente.sp.gov.br\/institutogeologico\/2007\/03\/secretario-do-meio-ambiente-visita-o-museu-geologico-e-participa-de-reuniao-sobre-o-aquifero-guarani\/","title":{"rendered":"Secret\u00e1rio do Meio Ambiente visita o Museu Geol\u00f3gico e participa de reuni\u00e3o sobre o Aq\u00fc\u00edfero Guarani"},"content":{"rendered":"<div id=\"gallery-1\" class=\"gallery gallery-columns-1 gallery-size-thumbnail\">\n<dl class=\"gallery-item\">\n<dt class=\"gallery-icon\"><a href=\"https:\/\/smastr16.blob.core.windows.net\/igeo\/noticias\/igeologico\/fotos\/3_23_JTGN.jpg\" title=\"Foto: W. Sallun\"><img decoding=\"async\" width=\"150\" src=\"https:\/\/smastr16.blob.core.windows.net\/igeo\/noticias\/igeologico\/fotos\/3_23_JTGN.jpg\" class=\"attachment-thumbnail\" alt=\"Foto: W. Sallun\" \/><\/a><\/dt>\n<dd class=\"wp-caption-text gallery-caption\">Foto: W. Sallun<\/dd>\n<\/dl>\n<p><br style=\"clear: both\" \/>\n<\/div>\n<p>No dia 20 de mar\u00e7o, o Secret\u00e1rio do Meio Ambiente, Xico Graziano, visitou o Museu Geol\u00f3gico Valdemar Lef\u00e8vre, onde conheceu a exposi\u00e7\u00e3o permanente de minerais, rochas e f\u00f3sseis. O pesquisador Fernando Pires, respons\u00e1vel pelo museu, apresentou tamb\u00e9m os trabalhos de monitoria para escolas e exposi\u00e7\u00f5es itinerantes voltados \u00e0 educa\u00e7\u00e3o ambiental.<br \/> <br \/>\nNesta visita o Secret\u00e1rio aproveitou para se reunir com outros pesquisadores do Instituto Geol\u00f3gico com objetivo de aprofundar seus conhecimentos sobre o Sistema Aq\u00fc\u00edfero Guarani. Contribuindo para reuni\u00e3o, a pesquisadora Mara Iritani realizou uma apresenta\u00e7\u00e3o sobre os aqu\u00edferos do Estado de S\u00e3o Paulo, com enfoque no Sistema Aq\u00fc\u00edfero Guarani e suas potencialidades.<\/p>\n","protected":false},"excerpt":{"rendered":"<p>Foto: W. Sallun No dia 20 de mar\u00e7o, o Secret\u00e1rio do Meio Ambiente, Xico Graziano, visitou o Museu Geol\u00f3gico Valdemar Lef\u00e8vre, onde conheceu a exposi\u00e7\u00e3o permanente de minerais, rochas e f\u00f3sseis. O pesquisador Fernando Pires, respons\u00e1vel pelo museu, apresentou tamb\u00e9m os trabalhos de monitoria para escolas e exposi\u00e7\u00f5es itinerantes voltados \u00e0 educa\u00e7\u00e3o ambiental. Nesta visita [&hellip;]<\/p>\n","protected":false},"author":1,"featured_media":0,"comment_status":"open","ping_status":"open","sticky":false,"template":"","format":"standard","meta":[],"categories":[1850],"tags":[],"_links":{"self":[{"href":"https:\/\/www.infraestruturameioambiente.sp.gov.br\/institutogeologico\/wp-json\/wp\/v2\/posts\/6535"}],"collection":[{"href":"https:\/\/www.infraestruturameioambiente.sp.gov.br\/institutogeologico\/wp-json\/wp\/v2\/posts"}],"about":[{"href":"https:\/\/www.infraestruturameioambiente.sp.gov.br\/institutogeologico\/wp-json\/wp\/v2\/types\/post"}],"author":[{"embeddable":true,"href":"https:\/\/www.infraestruturameioambiente.sp.gov.br\/institutogeologico\/wp-json\/wp\/v2\/users\/1"}],"replies":[{"embeddable":true,"href":"https:\/\/www.infraestruturameioambiente.sp.gov.br\/institutogeologico\/wp-json\/wp\/v2\/comments?post=6535"}],"version-history":[{"count":0,"href":"https:\/\/www.infraestruturameioambiente.sp.gov.br\/institutogeologico\/wp-json\/wp\/v2\/posts\/6535\/revisions"}],"wp:attachment":[{"href":"https:\/\/www.infraestruturameioambiente.sp.gov.br\/institutogeologico\/wp-json\/wp\/v2\/media?parent=6535"}],"wp:term":[{"taxonomy":"category","embeddable":true,"href":"https:\/\/www.infraestruturameioambiente.sp.gov.br\/institutogeologico\/wp-json\/wp\/v2\/categories?post=6535"},{"taxonomy":"post_tag","embeddable":true,"href":"https:\/\/www.infraestruturameioambiente.sp.gov.br\/institutogeologico\/wp-json\/wp\/v2\/tags?post=6535"}],"curies":[{"name":"wp","href":"https:\/\/api.w.org\/{rel}","templated":true}]}}