{"id":6530,"date":"2009-08-18T00:00:00","date_gmt":"2009-08-18T03:00:00","guid":{"rendered":"https:\/\/www.infraestruturameioambiente.sp.gov.br\/institutogeologico\/automatico\/prorrogadas-as-inscricoes-para-o-concurso-do-ig\/"},"modified":"2009-08-18T00:00:00","modified_gmt":"2009-08-18T03:00:00","slug":"prorrogadas-as-inscricoes-para-o-concurso-do-ig","status":"publish","type":"post","link":"https:\/\/www.infraestruturameioambiente.sp.gov.br\/institutogeologico\/2009\/08\/prorrogadas-as-inscricoes-para-o-concurso-do-ig\/","title":{"rendered":"Prorrogadas as inscri\u00e7\u00f5es para o concurso do IG"},"content":{"rendered":"<div id=\"gallery-1\" class=\"gallery gallery-columns-1 gallery-size-thumbnail\">\n<dl class=\"gallery-item\">\n<dt class=\"gallery-icon\"><a href=\"https:\/\/smastr16.blob.core.windows.net\/igeo\/noticias\/igeologico\/fotos\/not.gif\" title=\"\"><img decoding=\"async\" width=\"150\" src=\"https:\/\/smastr16.blob.core.windows.net\/igeo\/noticias\/igeologico\/fotos\/not.gif\" class=\"attachment-thumbnail\" alt=\"\" \/><\/a><\/dt>\n<dd class=\"wp-caption-text gallery-caption\"><\/dd>\n<\/dl>\n<p><br style=\"clear: both\" \/>\n<\/div>\n<p>O prazo para inscri\u00e7\u00f5es do concurso para provimento dos cargos de <strong>Auxiliar de Apoio \u00e0 Pesquisa Cient\u00edfica e Tecnol\u00f3gica<\/strong> (ensino fundamental completo), <strong>Oficial de Apoio \u00e0 Pesquisa Cient\u00edfica e Tecnol\u00f3gica<\/strong> (ensino fundamental completo), <strong>Agente de Apoio \u00e0 Pesquisa Cient\u00edfica e Tecnol\u00f3gica<\/strong> (ensino m\u00e9dio completo), <strong>T\u00e9cnico de Apoio \u00e0 Pesquisa Cient\u00edfica e Tecnol\u00f3gica<\/strong> (n\u00edvel secund\u00e1rio completo) e <strong>Assistente T\u00e9cnico de Pesquisa Cient\u00edfica e Tecnol\u00f3gica<\/strong> (ensino superior completo) (Edital IG n\u00ba 001\/2009) foi prorrogado para o dia <strong>28 de agosto de 2009<\/strong>, at\u00e9 as 18:00 h.<\/p>\n<p>A inscri\u00e7\u00e3o \u00e9 feita via Internet, por meio do endere\u00e7o eletr\u00f4nico <a href=\"http:\/\/www.institutocetro.org.br\" target=\"_blank\">www.institutocetro.org.br<\/a>.<\/p>\n<p>Maiores informa\u00e7\u00f5es acesse <a href=\"http:\/\/www.institutocetro.org.br\" target=\"_blank\">www.institutocetro.org.br<\/a> ou <a href=\"\/wp-content\/uploads\/noticias\/igeologico\/concurso.asp.htm\"><strong>AQUI<\/strong><\/a>.<\/p>\n","protected":false},"excerpt":{"rendered":"<p>O prazo para inscri\u00e7\u00f5es do concurso para provimento dos cargos de Auxiliar de Apoio \u00e0 Pesquisa Cient\u00edfica e Tecnol\u00f3gica (ensino fundamental completo), Oficial de Apoio \u00e0 Pesquisa Cient\u00edfica e Tecnol\u00f3gica (ensino fundamental completo), Agente de Apoio \u00e0 Pesquisa Cient\u00edfica e Tecnol\u00f3gica (ensino m\u00e9dio completo), T\u00e9cnico de Apoio \u00e0 Pesquisa Cient\u00edfica e Tecnol\u00f3gica (n\u00edvel secund\u00e1rio completo) [&hellip;]<\/p>\n","protected":false},"author":1,"featured_media":0,"comment_status":"open","ping_status":"open","sticky":false,"template":"","format":"standard","meta":[],"categories":[1850],"tags":[],"_links":{"self":[{"href":"https:\/\/www.infraestruturameioambiente.sp.gov.br\/institutogeologico\/wp-json\/wp\/v2\/posts\/6530"}],"collection":[{"href":"https:\/\/www.infraestruturameioambiente.sp.gov.br\/institutogeologico\/wp-json\/wp\/v2\/posts"}],"about":[{"href":"https:\/\/www.infraestruturameioambiente.sp.gov.br\/institutogeologico\/wp-json\/wp\/v2\/types\/post"}],"author":[{"embeddable":true,"href":"https:\/\/www.infraestruturameioambiente.sp.gov.br\/institutogeologico\/wp-json\/wp\/v2\/users\/1"}],"replies":[{"embeddable":true,"href":"https:\/\/www.infraestruturameioambiente.sp.gov.br\/institutogeologico\/wp-json\/wp\/v2\/comments?post=6530"}],"version-history":[{"count":0,"href":"https:\/\/www.infraestruturameioambiente.sp.gov.br\/institutogeologico\/wp-json\/wp\/v2\/posts\/6530\/revisions"}],"wp:attachment":[{"href":"https:\/\/www.infraestruturameioambiente.sp.gov.br\/institutogeologico\/wp-json\/wp\/v2\/media?parent=6530"}],"wp:term":[{"taxonomy":"category","embeddable":true,"href":"https:\/\/www.infraestruturameioambiente.sp.gov.br\/institutogeologico\/wp-json\/wp\/v2\/categories?post=6530"},{"taxonomy":"post_tag","embeddable":true,"href":"https:\/\/www.infraestruturameioambiente.sp.gov.br\/institutogeologico\/wp-json\/wp\/v2\/tags?post=6530"}],"curies":[{"name":"wp","href":"https:\/\/api.w.org\/{rel}","templated":true}]}}