{"id":6525,"date":"2008-11-07T00:00:00","date_gmt":"2008-11-07T02:00:00","guid":{"rendered":"https:\/\/www.infraestruturameioambiente.sp.gov.br\/institutogeologico\/automatico\/novos-conhecimentos-e-participacao-social-oferecem-bases-para-a-gestao-ambiental-do-aquifero-guarani\/"},"modified":"2008-11-07T00:00:00","modified_gmt":"2008-11-07T02:00:00","slug":"novos-conhecimentos-e-participacao-social-oferecem-bases-para-a-gestao-ambiental-do-aquifero-guarani","status":"publish","type":"post","link":"https:\/\/www.infraestruturameioambiente.sp.gov.br\/institutogeologico\/2008\/11\/novos-conhecimentos-e-participacao-social-oferecem-bases-para-a-gestao-ambiental-do-aquifero-guarani\/","title":{"rendered":"Novos conhecimentos e participa\u00e7\u00e3o social oferecem bases para a gest\u00e3o ambiental do Aq\u00fc\u00edfero Guarani"},"content":{"rendered":"<div id=\"gallery-1\" class=\"gallery gallery-columns-1 gallery-size-thumbnail\">\n<dl class=\"gallery-item\">\n<dt class=\"gallery-icon\"><a href=\"https:\/\/smastr16.blob.core.windows.net\/igeo\/noticias\/igeologico\/fotos\/11_7_ASQP.jpg\" title=\"Foto: IG\/SMA\"><img decoding=\"async\" width=\"150\" src=\"https:\/\/smastr16.blob.core.windows.net\/igeo\/noticias\/igeologico\/fotos\/11_7_ASQP.jpg\" class=\"attachment-thumbnail\" alt=\"Foto: IG\/SMA\" \/><\/a><\/dt>\n<dd class=\"wp-caption-text gallery-caption\">Foto: IG\/SMA<\/dd>\n<\/dl>\n<p><br style=\"clear: both\" \/>\n<\/div>\n<p>No terceiro dia do II Congresso Aq\u00fc\u00edfero Guarani, foram apresentados os mais recentes conhecimentos adquiridos acerca do Sistema Aq\u00fc\u00edfero Guarani (SAG). O Dr. Ricardo Hirata, ex-pesquisador do Instituto Geol\u00f3gico e hoje na Universidade, apresentou uma s\u00edntese sobre a evolu\u00e7\u00e3o do conhecimento sobre o SAG, decorrente das pesquisas desenvolvidas por pesquisadores brasileiros e dos demais pa\u00edses envolvidos no \u0093Projeto de Prote\u00e7\u00e3o Ambiental e Desenvolvimento Sustent\u00e1vel do Sistema Aq\u00fc\u00edfero Guarani\u0094. Entre os pontos discutidos no workshop \u0093Modelo Conceitual, Funcionamento e Potencialidades do Aq\u00fc\u00edfero Guarani\u0094, destacou-se que as estimativas sobre o volume de \u00e1gua confinada no aq\u00fc\u00edfero continuam indicando o valor de 35 quil\u00f4metros c\u00fabicos. Do volume total do pacote aq\u00fc\u00edfero, apenas 6% dos recursos estariam pass\u00edveis de utiliza\u00e7\u00e3o diante das caracter\u00edsticas geol\u00f3gicas e das restri\u00e7\u00f5es das atuais t\u00e9cnicas de capta\u00e7\u00e3o de \u00e1gua subterr\u00e2nea.<\/p>\n<p>Nesse mesmo workshop, observou-se que ainda existem diverg\u00eancias sobre a idade da \u00e1gua atualmente armazenada em locais onde se realizou a data\u00e7\u00e3o da mesma, e o quanto essa informa\u00e7\u00e3o seria consistente, visto a diferen\u00e7a entre o tempo do fluxo de \u00e1gua de recarga para o aq\u00fc\u00edfero e o tempo em que a \u00e1gua j\u00e1 estaria armazenada em um dado local.<\/p>\n<p>Ainda no per\u00edodo da manh\u00e3, foi realizada a mesa redonda \u0093A participa\u00e7\u00e3o ind\u00edgena na prote\u00e7\u00e3o do aq\u00fc\u00edfero Guarani\u0094. Nessa mesa, representantes de comunidades ind\u00edgenas do sul do pa\u00eds e do Mato Grosso, destacaram que as comunidades pretendem participar ativamente das decis\u00f5es e das a\u00e7\u00f5es de prote\u00e7\u00e3o do aq\u00fc\u00edfero, onde possuem terras. Os atores p\u00fablicos envolvidos na coordena\u00e7\u00e3o do projeto revelaram que as reivindica\u00e7\u00f5es est\u00e3o sendo viabilizadas e poder\u00e3o, ainda, vir a envolver outras comunidades tradicionais localizadas em \u00e1reas de ocorr\u00eancia do aq\u00fc\u00edfero, como \u00e9 o caso dos quilombolas.<\/p>\n<p>No per\u00edodo da tarde do dia 06\/11, foi realizada sess\u00e3o t\u00e9cnica e painel, na qual foi apresentado o trabalho \u0093Modelo conceitual de circula\u00e7\u00e3o de \u00e1gua nos basaltos de Ribeir\u00e3o Preto\u0094 coordenado pela pesquisadora Am\u00e9lia Jo\u00e3o Fernandes do IG.<\/p>\n<p>Tamb\u00e9m no per\u00edodo da tarde, tiveram in\u00edcio as discuss\u00f5es acerca do modelo de gest\u00e3o sugerido para o aq\u00fc\u00edfero. A primeira parte, realizada na quinta-feira, tratou das \u0093Diretrizes de utiliza\u00e7\u00e3o sustent\u00e1vel e prote\u00e7\u00e3o do aq\u00fc\u00edfero Guarani. Na sexta-feira (07\/11) est\u00e3o previstos dois workshops sobre o \u0093Plano de a\u00e7\u00f5es estrat\u00e9gicas para gest\u00e3o do aq\u00fc\u00edfero Guarani\u0094, um em termos regionais e outro referente ao projeto piloto local no munic\u00edpio de Ribeir\u00e3o Preto.<\/p>\n","protected":false},"excerpt":{"rendered":"<p>Foto: IG\/SMA No terceiro dia do II Congresso Aq\u00fc\u00edfero Guarani, foram apresentados os mais recentes conhecimentos adquiridos acerca do Sistema Aq\u00fc\u00edfero Guarani (SAG). O Dr. Ricardo Hirata, ex-pesquisador do Instituto Geol\u00f3gico e hoje na Universidade, apresentou uma s\u00edntese sobre a evolu\u00e7\u00e3o do conhecimento sobre o SAG, decorrente das pesquisas desenvolvidas por pesquisadores brasileiros e dos [&hellip;]<\/p>\n","protected":false},"author":1,"featured_media":0,"comment_status":"open","ping_status":"open","sticky":false,"template":"","format":"standard","meta":[],"categories":[1850],"tags":[],"_links":{"self":[{"href":"https:\/\/www.infraestruturameioambiente.sp.gov.br\/institutogeologico\/wp-json\/wp\/v2\/posts\/6525"}],"collection":[{"href":"https:\/\/www.infraestruturameioambiente.sp.gov.br\/institutogeologico\/wp-json\/wp\/v2\/posts"}],"about":[{"href":"https:\/\/www.infraestruturameioambiente.sp.gov.br\/institutogeologico\/wp-json\/wp\/v2\/types\/post"}],"author":[{"embeddable":true,"href":"https:\/\/www.infraestruturameioambiente.sp.gov.br\/institutogeologico\/wp-json\/wp\/v2\/users\/1"}],"replies":[{"embeddable":true,"href":"https:\/\/www.infraestruturameioambiente.sp.gov.br\/institutogeologico\/wp-json\/wp\/v2\/comments?post=6525"}],"version-history":[{"count":0,"href":"https:\/\/www.infraestruturameioambiente.sp.gov.br\/institutogeologico\/wp-json\/wp\/v2\/posts\/6525\/revisions"}],"wp:attachment":[{"href":"https:\/\/www.infraestruturameioambiente.sp.gov.br\/institutogeologico\/wp-json\/wp\/v2\/media?parent=6525"}],"wp:term":[{"taxonomy":"category","embeddable":true,"href":"https:\/\/www.infraestruturameioambiente.sp.gov.br\/institutogeologico\/wp-json\/wp\/v2\/categories?post=6525"},{"taxonomy":"post_tag","embeddable":true,"href":"https:\/\/www.infraestruturameioambiente.sp.gov.br\/institutogeologico\/wp-json\/wp\/v2\/tags?post=6525"}],"curies":[{"name":"wp","href":"https:\/\/api.w.org\/{rel}","templated":true}]}}