{"id":6521,"date":"2008-03-18T00:00:00","date_gmt":"2008-03-18T03:00:00","guid":{"rendered":"https:\/\/www.infraestruturameioambiente.sp.gov.br\/institutogeologico\/automatico\/ig-participa-do-mutirao-azul\/"},"modified":"2008-03-18T00:00:00","modified_gmt":"2008-03-18T03:00:00","slug":"ig-participa-do-mutirao-azul","status":"publish","type":"post","link":"https:\/\/www.infraestruturameioambiente.sp.gov.br\/institutogeologico\/2008\/03\/ig-participa-do-mutirao-azul\/","title":{"rendered":"IG participa do Mutir\u00e3o Azul"},"content":{"rendered":"<div id=\"gallery-1\" class=\"gallery gallery-columns-1 gallery-size-thumbnail\">\n<dl class=\"gallery-item\">\n<dt class=\"gallery-icon\"><a href=\"https:\/\/smastr16.blob.core.windows.net\/igeo\/noticias\/igeologico\/fotos\/3_18_NWIM.jpg\" title=\"Foto: SMA\"><img decoding=\"async\" width=\"150\" src=\"https:\/\/smastr16.blob.core.windows.net\/igeo\/noticias\/igeologico\/fotos\/3_18_NWIM.jpg\" class=\"attachment-thumbnail\" alt=\"Foto: SMA\" \/><\/a><\/dt>\n<dd class=\"wp-caption-text gallery-caption\">Foto: SMA<\/dd>\n<\/dl>\n<p><br style=\"clear: both\" \/>\n<\/div>\n<p>Nesta pr\u00f3xima quarta-feira, dia 19 de mar\u00e7o, a Secretaria do Meio Ambiente estar\u00e1 promovendo o &#8220;Mutir\u00e3o Azul&#8221;, com o objetivo de alertar a popula\u00e7\u00e3o sobre a necessidade de uso racional da \u00e1gua.<\/p>\n<p>Esta \u00e9 mais uma das a\u00e7\u00f5es previstas no Projeto Ambiental Estrat\u00e9gico &#8220;Mutir\u00f5es Ambientais&#8221;, que faz parte dos 21 Projetos Ambientais Estrat\u00e9gicos da SMA (<a href=\"http:\/\/www3.ambiente.sp.gov.br\"target=\"_blank\">igeologico.sp.gov.br<\/a>).<\/p>\n<p>Para o &#8220;Mutir\u00e3o Azul&#8221; est\u00e3o previstas diversas atividades, (<a href=\"http:\/\/www3.ambiente.sp.gov.br\/mutiraoazul\"target=\"_blank\">infraestruturameioambiente.sp.gov.br\/institutogeologico\/mutiraoazul<\/a>), por diferentes institui\u00e7\u00f5es em v\u00e1rios locais do Estado.<\/p>\n<p>Como contribui\u00e7\u00e3o do IG ao evento, ser\u00e3o realizadas duas oficinas no Audit\u00f3rio do Instituto (uma pela manh\u00e3 \u00e0s 10:00hs, e outra pela tarde, \u00e0s 15:00hs) com as crian\u00e7as que frequentam o Recanto Infantil da Secretaria da Agricultura e Abastecimento.<\/p>\n<p>As oficinas contar\u00e3o com a apresenta\u00e7\u00e3o de um filme sobre \u00e1gua, seguida de uma palestra da pesquisadora Luciana Martin Rodrigues Ferreira e Cla\u00fadia Luciana Varnier, da Se\u00e7\u00e3o de Hidrogeologia do IG e trabalho l\u00fadicos.<\/p>\n","protected":false},"excerpt":{"rendered":"<p>Foto: SMA Nesta pr\u00f3xima quarta-feira, dia 19 de mar\u00e7o, a Secretaria do Meio Ambiente estar\u00e1 promovendo o &#8220;Mutir\u00e3o Azul&#8221;, com o objetivo de alertar a popula\u00e7\u00e3o sobre a necessidade de uso racional da \u00e1gua. Esta \u00e9 mais uma das a\u00e7\u00f5es previstas no Projeto Ambiental Estrat\u00e9gico &#8220;Mutir\u00f5es Ambientais&#8221;, que faz parte dos 21 Projetos Ambientais Estrat\u00e9gicos [&hellip;]<\/p>\n","protected":false},"author":1,"featured_media":0,"comment_status":"open","ping_status":"open","sticky":false,"template":"","format":"standard","meta":[],"categories":[1850],"tags":[],"_links":{"self":[{"href":"https:\/\/www.infraestruturameioambiente.sp.gov.br\/institutogeologico\/wp-json\/wp\/v2\/posts\/6521"}],"collection":[{"href":"https:\/\/www.infraestruturameioambiente.sp.gov.br\/institutogeologico\/wp-json\/wp\/v2\/posts"}],"about":[{"href":"https:\/\/www.infraestruturameioambiente.sp.gov.br\/institutogeologico\/wp-json\/wp\/v2\/types\/post"}],"author":[{"embeddable":true,"href":"https:\/\/www.infraestruturameioambiente.sp.gov.br\/institutogeologico\/wp-json\/wp\/v2\/users\/1"}],"replies":[{"embeddable":true,"href":"https:\/\/www.infraestruturameioambiente.sp.gov.br\/institutogeologico\/wp-json\/wp\/v2\/comments?post=6521"}],"version-history":[{"count":0,"href":"https:\/\/www.infraestruturameioambiente.sp.gov.br\/institutogeologico\/wp-json\/wp\/v2\/posts\/6521\/revisions"}],"wp:attachment":[{"href":"https:\/\/www.infraestruturameioambiente.sp.gov.br\/institutogeologico\/wp-json\/wp\/v2\/media?parent=6521"}],"wp:term":[{"taxonomy":"category","embeddable":true,"href":"https:\/\/www.infraestruturameioambiente.sp.gov.br\/institutogeologico\/wp-json\/wp\/v2\/categories?post=6521"},{"taxonomy":"post_tag","embeddable":true,"href":"https:\/\/www.infraestruturameioambiente.sp.gov.br\/institutogeologico\/wp-json\/wp\/v2\/tags?post=6521"}],"curies":[{"name":"wp","href":"https:\/\/api.w.org\/{rel}","templated":true}]}}