{"id":6520,"date":"2008-04-24T00:00:00","date_gmt":"2008-04-24T03:00:00","guid":{"rendered":"https:\/\/www.infraestruturameioambiente.sp.gov.br\/institutogeologico\/automatico\/ig-lanca-marcadores-de-pagina-da-serie-aquiferos\/"},"modified":"2008-04-24T00:00:00","modified_gmt":"2008-04-24T03:00:00","slug":"ig-lanca-marcadores-de-pagina-da-serie-aquiferos","status":"publish","type":"post","link":"https:\/\/www.infraestruturameioambiente.sp.gov.br\/institutogeologico\/2008\/04\/ig-lanca-marcadores-de-pagina-da-serie-aquiferos\/","title":{"rendered":"IG lan\u00e7a marcadores de p\u00e1gina da S\u00e9rie Aq\u00fc\u00edferos"},"content":{"rendered":"<div id=\"gallery-1\" class=\"gallery gallery-columns-1 gallery-size-thumbnail\">\n<dl class=\"gallery-item\">\n<dt class=\"gallery-icon\"><a href=\"https:\/\/smastr16.blob.core.windows.net\/igeo\/noticias\/igeologico\/fotos\/4_24_RWLV.jpg\" title=\"Foto: IG-SMA\"><img decoding=\"async\" width=\"150\" src=\"https:\/\/smastr16.blob.core.windows.net\/igeo\/noticias\/igeologico\/fotos\/4_24_RWLV.jpg\" class=\"attachment-thumbnail\" alt=\"Foto: IG-SMA\" \/><\/a><\/dt>\n<dd class=\"wp-caption-text gallery-caption\">Foto: IG-SMA<\/dd>\n<\/dl>\n<p><br style=\"clear: both\" \/>\n<\/div>\n<p>O Instituto Geol\u00f3gico teve a iniciativa de produzir a S\u00e9rie Aq\u00fc\u00edferos de marcadores de p\u00e1ginas, tendo em vista a proposta de divulga\u00e7\u00e3o de conhecimento sobre os aq\u00fc\u00edferos no Estado de S\u00e3o Paulo e a elabora\u00e7\u00e3o de materiais no \u00e2mbito da educa\u00e7\u00e3o ambiental, inseridos no contexto do Projeto Ambiental Estrat\u00e9gico Aq\u00fc\u00edferos.<br \/> <br \/>\nEsta s\u00e9rie \u00e9 composta de sete marcadores, cada um contendo informa\u00e7\u00f5es e ilustra\u00e7\u00f5es sobre os principais aq\u00fc\u00edferos do Estado: Guarani, Bauru, Taubat\u00e9, S\u00e3o Paulo, Tubar\u00e3o, Cristalino e Serra Geral.<br \/> <br \/>\nA S\u00e9rie Aq\u00fc\u00edferos de marcadores foi lan\u00e7ada no dia 15 de Abril no Parque Estadual do Jaragu\u00e1 durante a reuni\u00e3o gerencial dos 21 Projetos Ambientais Estrat\u00e9gicos do Estado de S\u00e3o Paulo coordenados pela Secretaria do Meio Ambiente.<\/p>\n","protected":false},"excerpt":{"rendered":"<p>Foto: IG-SMA O Instituto Geol\u00f3gico teve a iniciativa de produzir a S\u00e9rie Aq\u00fc\u00edferos de marcadores de p\u00e1ginas, tendo em vista a proposta de divulga\u00e7\u00e3o de conhecimento sobre os aq\u00fc\u00edferos no Estado de S\u00e3o Paulo e a elabora\u00e7\u00e3o de materiais no \u00e2mbito da educa\u00e7\u00e3o ambiental, inseridos no contexto do Projeto Ambiental Estrat\u00e9gico Aq\u00fc\u00edferos. Esta s\u00e9rie \u00e9 [&hellip;]<\/p>\n","protected":false},"author":1,"featured_media":0,"comment_status":"open","ping_status":"open","sticky":false,"template":"","format":"standard","meta":[],"categories":[1850],"tags":[],"_links":{"self":[{"href":"https:\/\/www.infraestruturameioambiente.sp.gov.br\/institutogeologico\/wp-json\/wp\/v2\/posts\/6520"}],"collection":[{"href":"https:\/\/www.infraestruturameioambiente.sp.gov.br\/institutogeologico\/wp-json\/wp\/v2\/posts"}],"about":[{"href":"https:\/\/www.infraestruturameioambiente.sp.gov.br\/institutogeologico\/wp-json\/wp\/v2\/types\/post"}],"author":[{"embeddable":true,"href":"https:\/\/www.infraestruturameioambiente.sp.gov.br\/institutogeologico\/wp-json\/wp\/v2\/users\/1"}],"replies":[{"embeddable":true,"href":"https:\/\/www.infraestruturameioambiente.sp.gov.br\/institutogeologico\/wp-json\/wp\/v2\/comments?post=6520"}],"version-history":[{"count":0,"href":"https:\/\/www.infraestruturameioambiente.sp.gov.br\/institutogeologico\/wp-json\/wp\/v2\/posts\/6520\/revisions"}],"wp:attachment":[{"href":"https:\/\/www.infraestruturameioambiente.sp.gov.br\/institutogeologico\/wp-json\/wp\/v2\/media?parent=6520"}],"wp:term":[{"taxonomy":"category","embeddable":true,"href":"https:\/\/www.infraestruturameioambiente.sp.gov.br\/institutogeologico\/wp-json\/wp\/v2\/categories?post=6520"},{"taxonomy":"post_tag","embeddable":true,"href":"https:\/\/www.infraestruturameioambiente.sp.gov.br\/institutogeologico\/wp-json\/wp\/v2\/tags?post=6520"}],"curies":[{"name":"wp","href":"https:\/\/api.w.org\/{rel}","templated":true}]}}