{"id":6510,"date":"2004-08-13T00:00:00","date_gmt":"2004-08-13T03:00:00","guid":{"rendered":"https:\/\/www.infraestruturameioambiente.sp.gov.br\/institutogeologico\/automatico\/clima-e-prevencao-de-desastres-naturais-e-tema-de-palestra-ministrada-por-pesquisador-na-ufprcuritiba\/"},"modified":"2013-03-13T14:22:27","modified_gmt":"2013-03-13T17:22:27","slug":"clima-e-prevencao-de-desastres-naturais-e-tema-de-palestra-ministrada-por-pesquisador-na-ufprcuritiba","status":"publish","type":"post","link":"https:\/\/www.infraestruturameioambiente.sp.gov.br\/institutogeologico\/2004\/08\/clima-e-prevencao-de-desastres-naturais-e-tema-de-palestra-ministrada-por-pesquisador-na-ufprcuritiba\/","title":{"rendered":"Clima e preven\u00e7\u00e3o de desastres naturais \u00e9 tema de palestra ministrada por pesquisador na UFPR\/Curitiba"},"content":{"rendered":"<p><a title=\"Foto: Renato Tavares\" href=\"https:\/\/smastr16.blob.core.windows.net\/igeo\/noticias\/igeologico\/fotos\/8_13_TQEF.jpg\"><img decoding=\"async\" loading=\"lazy\" class=\"attachment-thumbnail alignleft\" src=\"https:\/\/smastr16.blob.core.windows.net\/igeo\/noticias\/igeologico\/fotos\/8_13_TQEF.jpg\" alt=\"Foto: Renato Tavares\" width=\"150\" height=\"97\" \/><\/a><\/p>\n<p style=\"text-align: justify\">O pesquisador Renato Tavares, da \u00e1rea de hidroclimatologia, esteve no dia 02 de julho em Curitiba-PR, a convite do coordenador do Laborat\u00f3rio de Climatologia da UFPR, Prof. Dr. Francisco Mendon\u00e7a, ministrando palestra aos alunos de gradua\u00e7\u00e3o, p\u00f3s-gradua\u00e7\u00e3o e professores.<\/p>\n<p style=\"text-align: justify\">Sob o tema \u0093Defini\u00e7\u00e3o de indicadores clim\u00e1ticos para a an\u00e1lise de risco e a preven\u00e7\u00e3o de desastres naturais\u0094, apresentou a metodologia e parte dos resultados da pesquisa climatol\u00f3gica desenvolvida durante os \u00faltimos anos em parceria com os professores Doutores Jo\u00e3o Lima Sant\u0092Anna Neto e Jos\u00e9 Tadeu Garcia Tommaselli, da FCT\/UNESP-Presidente Prudente, no projeto de pol\u00edticas p\u00fablicas &#8211; \u0093Sistema integrador de informa\u00e7\u00f5es geoambientais para o litoral paulista aplicado ao gerenciamento costeiro &#8211; SIIGAL\u0094, financiado pela FAPESP.<\/p>\n<p style=\"text-align: justify\">A pesquisa reflete o esfor\u00e7o t\u00e9cnico da equipe em estabelecer diretrizes e indicadores cient\u00edficos \u00e0 Defesa Civil e munic\u00edpios da Zona Costeira Paulista, no sentido de aprimorar o conhecimento climatol\u00f3gico das \u00e1reas em que atuam, com vistas \u00e0 redu\u00e7\u00e3o de danos \u00e0 popula\u00e7\u00e3o e ao ambiente durante a esta\u00e7\u00e3o chuvosa, per\u00edodo mais suscet\u00edvel \u00e0 ocorr\u00eancia de desastres naturais, principalmente os escorregamentos, que s\u00e3o majoritariamente deflagrados pela chuva.<\/p>\n<p style=\"text-align: justify\">Houve interc\u00e2mbio de experi\u00eancias com a Profa. Dra. In\u00eas Moresco Danni-Oliveira, do LabClima\/UFPR, coordenadora de projeto que busca mapear todas as ocorr\u00eancias de desastres naturais, de origem climatol\u00f3gica, registradas no Estado do Paran\u00e1 durante o s\u00e9culo XX. De abrang\u00eancia temporal e espacial maior e mais complexa, o projeto atualmente est\u00e1 em fase de conclus\u00e3o do banco de dados, para posterior tratamento e an\u00e1lise climatol\u00f3gica. O pesquisador tamb\u00e9m visitou a sede do programa de p\u00f3s-gradua\u00e7\u00e3o intersetorial e interdisciplinar \u0093Meio Ambiente e Desenvolvimento\u0094, coordenado pelo Prof. Mendon\u00e7a, onde encontrou uma forte interface entre os prop\u00f3sitos estabelecidos pelas pesquisas do IG e da UFPR.<\/p>\n<p style=\"text-align: justify\">Houve identifica\u00e7\u00e3o e interesse imediatos por parte do programa com rela\u00e7\u00e3o ao car\u00e1ter integrado e aplicado das pesquisas realizadas pelo Instituto Geol\u00f3gico na Zona Costeira Paulista. Foi discutido o papel da institui\u00e7\u00e3o p\u00fablica, seja Institui\u00e7\u00e3o de Pesquisa ou Universidade, no desenvolvimento de pesquisas em conjunto que visam produzir resultados pr\u00e1ticos voltados ao bem-estar da popula\u00e7\u00e3o, ao equil\u00edbrio e a sustentabilidade do ambiente. Nesse aspecto, foram reconhecidos os esfor\u00e7os empreendidos pelo Instituto Geol\u00f3gico, atrav\u00e9s da Secretaria de Meio Ambiente do Estado de S\u00e3o Paulo, no desenvolvimento de estudos interdisciplinares na \u00e1rea de geoci\u00eancias, como suporte t\u00e9cnico-cient\u00edfico \u00e0s pol\u00edticas p\u00fablicas.<\/p>\n","protected":false},"excerpt":{"rendered":"<p>O pesquisador Renato Tavares, da \u00e1rea de hidroclimatologia, esteve no dia 02 de julho em Curitiba-PR, a convite do coordenador do Laborat\u00f3rio de Climatologia da UFPR, Prof. Dr. Francisco Mendon\u00e7a, ministrando palestra aos alunos de gradua\u00e7\u00e3o, p\u00f3s-gradua\u00e7\u00e3o e professores. Sob o tema \u0093Defini\u00e7\u00e3o de indicadores clim\u00e1ticos para a an\u00e1lise de risco e a preven\u00e7\u00e3o de [&hellip;]<\/p>\n","protected":false},"author":1,"featured_media":0,"comment_status":"open","ping_status":"open","sticky":false,"template":"","format":"standard","meta":[],"categories":[1850],"tags":[],"_links":{"self":[{"href":"https:\/\/www.infraestruturameioambiente.sp.gov.br\/institutogeologico\/wp-json\/wp\/v2\/posts\/6510"}],"collection":[{"href":"https:\/\/www.infraestruturameioambiente.sp.gov.br\/institutogeologico\/wp-json\/wp\/v2\/posts"}],"about":[{"href":"https:\/\/www.infraestruturameioambiente.sp.gov.br\/institutogeologico\/wp-json\/wp\/v2\/types\/post"}],"author":[{"embeddable":true,"href":"https:\/\/www.infraestruturameioambiente.sp.gov.br\/institutogeologico\/wp-json\/wp\/v2\/users\/1"}],"replies":[{"embeddable":true,"href":"https:\/\/www.infraestruturameioambiente.sp.gov.br\/institutogeologico\/wp-json\/wp\/v2\/comments?post=6510"}],"version-history":[{"count":5,"href":"https:\/\/www.infraestruturameioambiente.sp.gov.br\/institutogeologico\/wp-json\/wp\/v2\/posts\/6510\/revisions"}],"predecessor-version":[{"id":8042,"href":"https:\/\/www.infraestruturameioambiente.sp.gov.br\/institutogeologico\/wp-json\/wp\/v2\/posts\/6510\/revisions\/8042"}],"wp:attachment":[{"href":"https:\/\/www.infraestruturameioambiente.sp.gov.br\/institutogeologico\/wp-json\/wp\/v2\/media?parent=6510"}],"wp:term":[{"taxonomy":"category","embeddable":true,"href":"https:\/\/www.infraestruturameioambiente.sp.gov.br\/institutogeologico\/wp-json\/wp\/v2\/categories?post=6510"},{"taxonomy":"post_tag","embeddable":true,"href":"https:\/\/www.infraestruturameioambiente.sp.gov.br\/institutogeologico\/wp-json\/wp\/v2\/tags?post=6510"}],"curies":[{"name":"wp","href":"https:\/\/api.w.org\/{rel}","templated":true}]}}