{"id":6509,"date":"2005-09-29T00:00:00","date_gmt":"2005-09-29T03:00:00","guid":{"rendered":"https:\/\/www.infraestruturameioambiente.sp.gov.br\/institutogeologico\/automatico\/geologo-do-ig-participa-de-expedicao-no-parque-nacional-da-serra-da-bodoquena-ms\/"},"modified":"2005-09-29T00:00:00","modified_gmt":"2005-09-29T03:00:00","slug":"geologo-do-ig-participa-de-expedicao-no-parque-nacional-da-serra-da-bodoquena-ms","status":"publish","type":"post","link":"https:\/\/www.infraestruturameioambiente.sp.gov.br\/institutogeologico\/2005\/09\/geologo-do-ig-participa-de-expedicao-no-parque-nacional-da-serra-da-bodoquena-ms\/","title":{"rendered":"Ge\u00f3logo do IG participa de expedi\u00e7\u00e3o no Parque Nacional da Serra da Bodoquena (MS)"},"content":{"rendered":"<div id=\"gallery-1\" class=\"gallery gallery-columns-1 gallery-size-thumbnail\">\n<dl class=\"gallery-item\">\n<dt class=\"gallery-icon\"><a href=\"https:\/\/smastr16.blob.core.windows.net\/igeo\/noticias\/igeologico\/fotos\/9_29_MBRV.jpg\" title=\"Foto: William Sallun Filho\"><img decoding=\"async\" width=\"150\" src=\"https:\/\/smastr16.blob.core.windows.net\/igeo\/noticias\/igeologico\/fotos\/9_29_MBRV.jpg\" class=\"attachment-thumbnail\" alt=\"Foto: William Sallun Filho\" \/><\/a><\/dt>\n<dd class=\"wp-caption-text gallery-caption\">Foto: William Sallun Filho<\/dd>\n<\/dl>\n<p><br style=\"clear: both\" \/>\n<\/div>\n<p>O Parque Nacional da Serra da Bodoquena (MS), criado em setembro de 2000, abriga, al\u00e9m da mata exuberante, um relevo c\u00e1rstico bem desenvolvido e in\u00fameras cavernas. No m\u00eas de setembro de 2005 foram realizadas expedi\u00e7\u00f5es para a Avalia\u00e7\u00e3o Ecol\u00f3gica R\u00e1pida \u0096 AER.<br \/> <br \/>\nO Ge\u00f3l. William Sallun Filho, do Instituto Geol\u00f3gico, participou, a convite do CECAV-IBAMA\/MS, da primeira expedi\u00e7\u00e3o que visou o reconhecimento de cavernas e fei\u00e7\u00f5es c\u00e1rsticas na \u00e1rea do parque e de entorno. <br \/> <br \/>\nA expedi\u00e7\u00e3o contou com uma equipe multidisciplinar de 10 pessoas de diversas institui\u00e7\u00f5es. Foram descobertas mais de 20 cavernas, a maioria ainda desconhecida at\u00e9 ent\u00e3o. As informa\u00e7\u00f5es colhidas nesta etapa ir\u00e3o compor parte do Plano de Manejo do Parque.<\/p>\n","protected":false},"excerpt":{"rendered":"<p>Foto: William Sallun Filho O Parque Nacional da Serra da Bodoquena (MS), criado em setembro de 2000, abriga, al\u00e9m da mata exuberante, um relevo c\u00e1rstico bem desenvolvido e in\u00fameras cavernas. No m\u00eas de setembro de 2005 foram realizadas expedi\u00e7\u00f5es para a Avalia\u00e7\u00e3o Ecol\u00f3gica R\u00e1pida \u0096 AER. O Ge\u00f3l. William Sallun Filho, do Instituto Geol\u00f3gico, participou, [&hellip;]<\/p>\n","protected":false},"author":1,"featured_media":0,"comment_status":"open","ping_status":"open","sticky":false,"template":"","format":"standard","meta":[],"categories":[1850],"tags":[],"_links":{"self":[{"href":"https:\/\/www.infraestruturameioambiente.sp.gov.br\/institutogeologico\/wp-json\/wp\/v2\/posts\/6509"}],"collection":[{"href":"https:\/\/www.infraestruturameioambiente.sp.gov.br\/institutogeologico\/wp-json\/wp\/v2\/posts"}],"about":[{"href":"https:\/\/www.infraestruturameioambiente.sp.gov.br\/institutogeologico\/wp-json\/wp\/v2\/types\/post"}],"author":[{"embeddable":true,"href":"https:\/\/www.infraestruturameioambiente.sp.gov.br\/institutogeologico\/wp-json\/wp\/v2\/users\/1"}],"replies":[{"embeddable":true,"href":"https:\/\/www.infraestruturameioambiente.sp.gov.br\/institutogeologico\/wp-json\/wp\/v2\/comments?post=6509"}],"version-history":[{"count":0,"href":"https:\/\/www.infraestruturameioambiente.sp.gov.br\/institutogeologico\/wp-json\/wp\/v2\/posts\/6509\/revisions"}],"wp:attachment":[{"href":"https:\/\/www.infraestruturameioambiente.sp.gov.br\/institutogeologico\/wp-json\/wp\/v2\/media?parent=6509"}],"wp:term":[{"taxonomy":"category","embeddable":true,"href":"https:\/\/www.infraestruturameioambiente.sp.gov.br\/institutogeologico\/wp-json\/wp\/v2\/categories?post=6509"},{"taxonomy":"post_tag","embeddable":true,"href":"https:\/\/www.infraestruturameioambiente.sp.gov.br\/institutogeologico\/wp-json\/wp\/v2\/tags?post=6509"}],"curies":[{"name":"wp","href":"https:\/\/api.w.org\/{rel}","templated":true}]}}