{"id":6508,"date":"2009-02-20T00:00:00","date_gmt":"2009-02-20T03:00:00","guid":{"rendered":"https:\/\/www.infraestruturameioambiente.sp.gov.br\/institutogeologico\/automatico\/pesquisadora-do-instituto-geologico-ministra-palestra-na-reuniao-da-camara-tecnica-de-aguas-subterraneas-do-crh\/"},"modified":"2009-02-20T00:00:00","modified_gmt":"2009-02-20T03:00:00","slug":"pesquisadora-do-instituto-geologico-ministra-palestra-na-reuniao-da-camara-tecnica-de-aguas-subterraneas-do-crh","status":"publish","type":"post","link":"https:\/\/www.infraestruturameioambiente.sp.gov.br\/institutogeologico\/2009\/02\/pesquisadora-do-instituto-geologico-ministra-palestra-na-reuniao-da-camara-tecnica-de-aguas-subterraneas-do-crh\/","title":{"rendered":"Pesquisadora do Instituto Geol\u00f3gico ministra Palestra na Reuni\u00e3o da C\u00e2mara T\u00e9cnica de \u00c1guas Subterr\u00e2neas do CRH"},"content":{"rendered":"<div id=\"gallery-1\" class=\"gallery gallery-columns-1 gallery-size-thumbnail\">\n<dl class=\"gallery-item\">\n<dt class=\"gallery-icon\"><a href=\"https:\/\/smastr16.blob.core.windows.net\/igeo\/noticias\/igeologico\/fotos\/2_20_YFOR.jpg\" title=\"Foto: Claudia Varnier\"><img decoding=\"async\" width=\"150\" src=\"https:\/\/smastr16.blob.core.windows.net\/igeo\/noticias\/igeologico\/fotos\/2_20_YFOR.jpg\" class=\"attachment-thumbnail\" alt=\"Foto: Claudia Varnier\" \/><\/a><\/dt>\n<dd class=\"wp-caption-text gallery-caption\">Foto: Claudia Varnier<\/dd>\n<\/dl>\n<p><br style=\"clear: both\" \/>\n<\/div>\n<p>No dia 12 de fevereiro, a pesquisadora da Se\u00e7\u00e3o de Hidrogeologia do Instituto Geol\u00f3gico, Claudia Varnier, proferiu a palestra intitulada \u0093Ocorr\u00eancia de Nitrato na Regi\u00e3o de Ur\u00e2nia, SP\u0094 na 1\u00aa Reuni\u00e3o de 2009 da C\u00e2mara T\u00e9cnica de \u00c1guas Subterr\u00e2neas do Conselho Estadual de Recursos H\u00eddricos, realizada no audit\u00f3rio da Associa\u00e7\u00e3o dos Engenheiros, Arquitetos e Agr\u00f4nomos de Bauru (ASSENAG).<\/p>\n<p>A palestra ministrada fez parte dos estudos de caso sobre a ocorr\u00eancia de contamina\u00e7\u00e3o por nitrato nas \u00e1guas subterr\u00e2neas do Sistema Aqu\u00edfero Bauru no Estado de S\u00e3o Paulo. A reuni\u00e3o da CTAS contou com a participa\u00e7\u00e3o de profissionais do DAEE (S\u00e3o Paulo, Presidente Prudente e Araraquara), do Instituto Geol\u00f3gico, da Vigil\u00e2ncia Sanit\u00e1ria do Munic\u00edpio de Bauru, do DAE\/Bauru e da empresa de consultoria SERVMAR. <\/p>\n<p>Ap\u00f3s o ciclo de palestras, sucedeu o debate para a discuss\u00e3o do tema em pauta de modo que fosse feita uma breve abordagem sobre o impacto do nitrato nas \u00e1guas subterr\u00e2neas desse sistema aqu\u00edfero e poss\u00edveis medidas a serem tomadas pelos \u00f3rg\u00e3os competentes para minimizar os efeitos deste problema.<\/p>\n","protected":false},"excerpt":{"rendered":"<p>Foto: Claudia Varnier No dia 12 de fevereiro, a pesquisadora da Se\u00e7\u00e3o de Hidrogeologia do Instituto Geol\u00f3gico, Claudia Varnier, proferiu a palestra intitulada \u0093Ocorr\u00eancia de Nitrato na Regi\u00e3o de Ur\u00e2nia, SP\u0094 na 1\u00aa Reuni\u00e3o de 2009 da C\u00e2mara T\u00e9cnica de \u00c1guas Subterr\u00e2neas do Conselho Estadual de Recursos H\u00eddricos, realizada no audit\u00f3rio da Associa\u00e7\u00e3o dos Engenheiros, [&hellip;]<\/p>\n","protected":false},"author":1,"featured_media":0,"comment_status":"open","ping_status":"open","sticky":false,"template":"","format":"standard","meta":[],"categories":[1850],"tags":[],"_links":{"self":[{"href":"https:\/\/www.infraestruturameioambiente.sp.gov.br\/institutogeologico\/wp-json\/wp\/v2\/posts\/6508"}],"collection":[{"href":"https:\/\/www.infraestruturameioambiente.sp.gov.br\/institutogeologico\/wp-json\/wp\/v2\/posts"}],"about":[{"href":"https:\/\/www.infraestruturameioambiente.sp.gov.br\/institutogeologico\/wp-json\/wp\/v2\/types\/post"}],"author":[{"embeddable":true,"href":"https:\/\/www.infraestruturameioambiente.sp.gov.br\/institutogeologico\/wp-json\/wp\/v2\/users\/1"}],"replies":[{"embeddable":true,"href":"https:\/\/www.infraestruturameioambiente.sp.gov.br\/institutogeologico\/wp-json\/wp\/v2\/comments?post=6508"}],"version-history":[{"count":0,"href":"https:\/\/www.infraestruturameioambiente.sp.gov.br\/institutogeologico\/wp-json\/wp\/v2\/posts\/6508\/revisions"}],"wp:attachment":[{"href":"https:\/\/www.infraestruturameioambiente.sp.gov.br\/institutogeologico\/wp-json\/wp\/v2\/media?parent=6508"}],"wp:term":[{"taxonomy":"category","embeddable":true,"href":"https:\/\/www.infraestruturameioambiente.sp.gov.br\/institutogeologico\/wp-json\/wp\/v2\/categories?post=6508"},{"taxonomy":"post_tag","embeddable":true,"href":"https:\/\/www.infraestruturameioambiente.sp.gov.br\/institutogeologico\/wp-json\/wp\/v2\/tags?post=6508"}],"curies":[{"name":"wp","href":"https:\/\/api.w.org\/{rel}","templated":true}]}}