{"id":6501,"date":"2009-01-15T00:00:00","date_gmt":"2009-01-15T02:00:00","guid":{"rendered":"https:\/\/www.infraestruturameioambiente.sp.gov.br\/institutogeologico\/automatico\/treinamento-tecnico-para-funcionarios-do-ig-em-%c2%93geologia-e-mudancas-globais%c2%94\/"},"modified":"2015-08-27T09:31:36","modified_gmt":"2015-08-27T12:31:36","slug":"treinamento-tecnico-para-funcionarios-do-ig-em-%c2%93geologia-e-mudancas-globais%c2%94","status":"publish","type":"post","link":"https:\/\/www.infraestruturameioambiente.sp.gov.br\/institutogeologico\/2009\/01\/treinamento-tecnico-para-funcionarios-do-ig-em-%c2%93geologia-e-mudancas-globais%c2%94\/","title":{"rendered":"Treinamento T\u00e9cnico para Funcion\u00e1rios do IG em \u0093Geologia e Mudan\u00e7as Globais\u0094"},"content":{"rendered":"<div class=\"gallery gallery-columns-1 gallery-size-thumbnail\" id=\"gallery-1\">\n<dl class=\"gallery-item\">\n<dt class=\"gallery-icon\"><a title=\"Foto: Aleth\u00e9a E.M. Sallun\" href=\"https:\/\/smastr16.blob.core.windows.net\/igeo\/noticias\/igeologico\/fotos\/1_15_TDPV.jpg\"><img decoding=\"async\" class=\"attachment-thumbnail\" alt=\"Foto: Aleth\u00e9a E.M. Sallun\" src=\"https:\/\/smastr16.blob.core.windows.net\/igeo\/noticias\/igeologico\/fotos\/1_15_TDPV.jpg\" width=\"150\" \/><\/a><\/dt>\n<dt class=\"gallery-icon\">Foto: Aleth\u00e9a E.M. Sallun<\/dt>\n<\/dl>\n<p>&nbsp;<\/p>\n<\/div>\n<p style=\"text-align: justify\">Foi realizado um Treinamento T\u00e9cnico para os funcionarios do Instituto Geol\u00f3gico, propiciando a atualiza\u00e7\u00e3o e inser\u00e7\u00e3o institucional \u00e0 pesquisa cient\u00edfica desenvolvida no IG. O curso foi ministrado pela pesquisadora cient\u00edfica Dra. Aleth\u00e9a Ernandes Martins Sallun, especialista em Geologia do Quatern\u00e1rio, entre os dias 10 de outubro e 03 de dezembro de 2008, com aulas te\u00f3ricas, pr\u00e1ticas e atividades de campo. O curso visou apresentar de forma clara as bases cient\u00edficas para estudos de mudan\u00e7as globais, tais como as flutua\u00e7\u00f5es paleoclim\u00e1ticas, as glacia\u00e7\u00f5es, as varia\u00e7\u00f5es de n\u00edvel relativo do mar e neotect\u00f4nica, bem como as t\u00e9cnicas de pr\u00e1ticas de estudos. Foram realizadas sondagens \u00e0 trado rasas com descri\u00e7\u00e3o de amostras geol\u00f3gicas, al\u00e9m de experimentos cient\u00edficos. No desfecho do curso, abordou-se exemplos pr\u00e1ticos e exemplos em trabalhos de campo sobre as t\u00e9cnicas de estudos geol\u00f3gicos, identificando os indicadores geoambientais utilizados em estudos de mudan\u00e7as globais e a adequada manipula\u00e7\u00e3o de mapas geol\u00f3gicos e reconhecimento de unidades geol\u00f3gicas. Os trabalhos de campo foram realizados nos munic\u00edpios de Registro, Eldorado, Canan\u00e9ia e Ilha Comprida (SP), com apoio da Funda\u00e7\u00e3o Florestal (FF) e Associa\u00e7\u00e3o dos Mineradores de Areia do Vale do Ribeira e Baixada Santista (AMAVALES).<\/p>\n<p style=\"text-align: justify\">Nos trabalhos de campo, foram realizadas diversas constata\u00e7\u00f5es sobre a localiza\u00e7\u00e3o das Unidades de Conserva\u00e7\u00e3o do Estado de S\u00e3o Paulo e o trabalho que vem sendo executado pelos diversos \u00f3rg\u00e3os da SMA para promover a preserva\u00e7\u00e3o ambiental e adequado manejo tur\u00edstico. No munic\u00edpio de Registro, foi realizada uma visita monitorada ao Porto Ramonha, localizado no Rio Ribeira de Iguape. Atrav\u00e9s da Associa\u00e7\u00e3o dos Mineradores de Areia do Vale do Ribeira e Baixada Santista (AMAVALES), foi poss\u00edvel conhecer o trabalho de monitoramento e recupera\u00e7\u00e3o ambiental que vem sendo realizado de forma sustent\u00e1vel ao longo do Rio Ribeira de Iguape. No munic\u00edpio de Eldorado, em dire\u00e7\u00e3o a cidade de Iporanga, foi realizada uma visita t\u00e9cnica a Cachoeira do Sapatu e ao Parque Estadual Caverna do Diabo (PECD), onde puderam ser observadas a forma de ocorr\u00eancia de fei\u00e7\u00f5es c\u00e1rsticas que ocorrem na Forma\u00e7\u00e3o Capiru (Pr\u00e9-Cambriano) e a preserva\u00e7\u00e3o ambiental em uma Unidade de Conserva\u00e7\u00e3o (UC). Foi realizada uma visita na Caverna do Diabo, onde foi discutido os novos procedimentos do IBAMA para o monitoramento ambiental e tur\u00edstico nas cavidades situadas em Unidades de Conserva\u00e7\u00e3o no Estado de S\u00e3o Paulo. No munic\u00edpio de Canan\u00e9ia, pode ser observado as rochas alcalinas do Morro de S\u00e3o Jo\u00e3o, que se destaca na paisagem da Plan\u00edcie Litor\u00e2nea Canan\u00e9ia-Iguape. No munic\u00edpio de Ilha Comprida, foi observado o Parque Estadual Ilha do Cardoso, al\u00e9m do reconhecimento da forma de ocorr\u00eancia da Forma\u00e7\u00e3o Canan\u00e9ia (~120.000 anos A.P.) e o Sambaqui do N\u00f3brega, nesta importante APA. Na praia em Ilha Comprida foram observadas estruturas sedimentares atuais nos sedimentos praiais e e\u00f3licos, para o reconhecimento destas estruturas em unidades geol\u00f3gicas antigas, estipulando indicadores de mudan\u00e7as globais. Foi poss\u00edvel identificar diversos indicadores ambientais sobre as flutua\u00e7\u00f5es paleoclim\u00e1ticas que culminaram na varia\u00e7\u00e3o do n\u00edvel relativo do mar no litoral do Estado de S\u00e3o Paulo.<\/p>\n","protected":false},"excerpt":{"rendered":"<p>Foto: Aleth\u00e9a E.M. Sallun &nbsp; Foi realizado um Treinamento T\u00e9cnico para os funcionarios do Instituto Geol\u00f3gico, propiciando a atualiza\u00e7\u00e3o e inser\u00e7\u00e3o institucional \u00e0 pesquisa cient\u00edfica desenvolvida no IG. O curso foi ministrado pela pesquisadora cient\u00edfica Dra. Aleth\u00e9a Ernandes Martins Sallun, especialista em Geologia do Quatern\u00e1rio, entre os dias 10 de outubro e 03 de dezembro [&hellip;]<\/p>\n","protected":false},"author":1,"featured_media":0,"comment_status":"open","ping_status":"open","sticky":false,"template":"","format":"standard","meta":[],"categories":[1850],"tags":[],"_links":{"self":[{"href":"https:\/\/www.infraestruturameioambiente.sp.gov.br\/institutogeologico\/wp-json\/wp\/v2\/posts\/6501"}],"collection":[{"href":"https:\/\/www.infraestruturameioambiente.sp.gov.br\/institutogeologico\/wp-json\/wp\/v2\/posts"}],"about":[{"href":"https:\/\/www.infraestruturameioambiente.sp.gov.br\/institutogeologico\/wp-json\/wp\/v2\/types\/post"}],"author":[{"embeddable":true,"href":"https:\/\/www.infraestruturameioambiente.sp.gov.br\/institutogeologico\/wp-json\/wp\/v2\/users\/1"}],"replies":[{"embeddable":true,"href":"https:\/\/www.infraestruturameioambiente.sp.gov.br\/institutogeologico\/wp-json\/wp\/v2\/comments?post=6501"}],"version-history":[{"count":2,"href":"https:\/\/www.infraestruturameioambiente.sp.gov.br\/institutogeologico\/wp-json\/wp\/v2\/posts\/6501\/revisions"}],"predecessor-version":[{"id":9817,"href":"https:\/\/www.infraestruturameioambiente.sp.gov.br\/institutogeologico\/wp-json\/wp\/v2\/posts\/6501\/revisions\/9817"}],"wp:attachment":[{"href":"https:\/\/www.infraestruturameioambiente.sp.gov.br\/institutogeologico\/wp-json\/wp\/v2\/media?parent=6501"}],"wp:term":[{"taxonomy":"category","embeddable":true,"href":"https:\/\/www.infraestruturameioambiente.sp.gov.br\/institutogeologico\/wp-json\/wp\/v2\/categories?post=6501"},{"taxonomy":"post_tag","embeddable":true,"href":"https:\/\/www.infraestruturameioambiente.sp.gov.br\/institutogeologico\/wp-json\/wp\/v2\/tags?post=6501"}],"curies":[{"name":"wp","href":"https:\/\/api.w.org\/{rel}","templated":true}]}}