{"id":6495,"date":"2005-09-12T00:00:00","date_gmt":"2005-09-12T03:00:00","guid":{"rendered":"https:\/\/www.infraestruturameioambiente.sp.gov.br\/institutogeologico\/automatico\/curso-de-capacitacao-de-monitores-do-petar-em-geologia-conta-com-a-participacao-do-ig\/"},"modified":"2005-09-12T00:00:00","modified_gmt":"2005-09-12T03:00:00","slug":"curso-de-capacitacao-de-monitores-do-petar-em-geologia-conta-com-a-participacao-do-ig","status":"publish","type":"post","link":"https:\/\/www.infraestruturameioambiente.sp.gov.br\/institutogeologico\/2005\/09\/curso-de-capacitacao-de-monitores-do-petar-em-geologia-conta-com-a-participacao-do-ig\/","title":{"rendered":"Curso de Capacita\u00e7\u00e3o de Monitores do PETAR em Geologia conta com a participa\u00e7\u00e3o do IG"},"content":{"rendered":"<div id=\"gallery-1\" class=\"gallery gallery-columns-1 gallery-size-thumbnail\">\n<dl class=\"gallery-item\">\n<dt class=\"gallery-icon\"><a href=\"https:\/\/smastr16.blob.core.windows.net\/igeo\/noticias\/igeologico\/fotos\/not.gif\" title=\"\"><img decoding=\"async\" width=\"150\" src=\"https:\/\/smastr16.blob.core.windows.net\/igeo\/noticias\/igeologico\/fotos\/not.gif\" class=\"attachment-thumbnail\" alt=\"\" \/><\/a><\/dt>\n<dd class=\"wp-caption-text gallery-caption\"><\/dd>\n<\/dl>\n<p><br style=\"clear: both\" \/>\n<\/div>\n<p>De 05 a 09 de setembro de 2005 foi realizado um Curso de Capacita\u00e7\u00e3o de Monitores do PETAR em Geologia, que contou com a participa\u00e7\u00e3o de cerca de 30 monitores do PETAR, organizado por alunos do Instituto de Geoci\u00eancias da USP &#8211; participantes do Grupo Espeleol\u00f3gico da Geologia da USP &#8211; e apoiado pelo IF e IG. No dia 09 de setembro, H\u00e9lio Shimada e William Sallun Filho do IG ministraram palestras aos monitores. As palestras versaram sobre a Minera\u00e7\u00e3o no Vale do Ribeira, incluindo a recente quest\u00e3o da contamina\u00e7\u00e3o por chumbo da mina Furnas (H\u00e9lio Shimada), e Geologia e Cavernas (William Sallun Filho).<\/p>\n","protected":false},"excerpt":{"rendered":"<p>De 05 a 09 de setembro de 2005 foi realizado um Curso de Capacita\u00e7\u00e3o de Monitores do PETAR em Geologia, que contou com a participa\u00e7\u00e3o de cerca de 30 monitores do PETAR, organizado por alunos do Instituto de Geoci\u00eancias da USP &#8211; participantes do Grupo Espeleol\u00f3gico da Geologia da USP &#8211; e apoiado pelo IF [&hellip;]<\/p>\n","protected":false},"author":1,"featured_media":0,"comment_status":"open","ping_status":"open","sticky":false,"template":"","format":"standard","meta":[],"categories":[1850],"tags":[],"_links":{"self":[{"href":"https:\/\/www.infraestruturameioambiente.sp.gov.br\/institutogeologico\/wp-json\/wp\/v2\/posts\/6495"}],"collection":[{"href":"https:\/\/www.infraestruturameioambiente.sp.gov.br\/institutogeologico\/wp-json\/wp\/v2\/posts"}],"about":[{"href":"https:\/\/www.infraestruturameioambiente.sp.gov.br\/institutogeologico\/wp-json\/wp\/v2\/types\/post"}],"author":[{"embeddable":true,"href":"https:\/\/www.infraestruturameioambiente.sp.gov.br\/institutogeologico\/wp-json\/wp\/v2\/users\/1"}],"replies":[{"embeddable":true,"href":"https:\/\/www.infraestruturameioambiente.sp.gov.br\/institutogeologico\/wp-json\/wp\/v2\/comments?post=6495"}],"version-history":[{"count":0,"href":"https:\/\/www.infraestruturameioambiente.sp.gov.br\/institutogeologico\/wp-json\/wp\/v2\/posts\/6495\/revisions"}],"wp:attachment":[{"href":"https:\/\/www.infraestruturameioambiente.sp.gov.br\/institutogeologico\/wp-json\/wp\/v2\/media?parent=6495"}],"wp:term":[{"taxonomy":"category","embeddable":true,"href":"https:\/\/www.infraestruturameioambiente.sp.gov.br\/institutogeologico\/wp-json\/wp\/v2\/categories?post=6495"},{"taxonomy":"post_tag","embeddable":true,"href":"https:\/\/www.infraestruturameioambiente.sp.gov.br\/institutogeologico\/wp-json\/wp\/v2\/tags?post=6495"}],"curies":[{"name":"wp","href":"https:\/\/api.w.org\/{rel}","templated":true}]}}