{"id":6481,"date":"2007-04-24T00:00:00","date_gmt":"2007-04-24T03:00:00","guid":{"rendered":"https:\/\/www.infraestruturameioambiente.sp.gov.br\/institutogeologico\/automatico\/frente-parlamentar-de-apoio-a-mineracao-discute-politica-para-o-setor\/"},"modified":"2007-04-24T00:00:00","modified_gmt":"2007-04-24T03:00:00","slug":"frente-parlamentar-de-apoio-a-mineracao-discute-politica-para-o-setor","status":"publish","type":"post","link":"https:\/\/www.infraestruturameioambiente.sp.gov.br\/institutogeologico\/2007\/04\/frente-parlamentar-de-apoio-a-mineracao-discute-politica-para-o-setor\/","title":{"rendered":"Frente parlamentar de apoio \u00e0 minera\u00e7\u00e3o discute pol\u00edtica para o setor"},"content":{"rendered":"<div id=\"gallery-1\" class=\"gallery gallery-columns-1 gallery-size-thumbnail\">\n<dl class=\"gallery-item\">\n<dt class=\"gallery-icon\"><a href=\"https:\/\/smastr16.blob.core.windows.net\/igeo\/noticias\/igeologico\/fotos\/4_24_QYSU.jpg\" title=\"Foto: Minera\u00e7\u00e3o de saibro em Caraguatatuba - Cl\u00e1udio J Ferreira\"><img decoding=\"async\" width=\"150\" src=\"https:\/\/smastr16.blob.core.windows.net\/igeo\/noticias\/igeologico\/fotos\/4_24_QYSU.jpg\" class=\"attachment-thumbnail\" alt=\"Foto: Minera\u00e7\u00e3o de saibro em Caraguatatuba - Cl\u00e1udio J Ferreira\" \/><\/a><\/dt>\n<dd class=\"wp-caption-text gallery-caption\">Foto: Minera\u00e7\u00e3o de saibro em Caraguatatuba &#8211; Cl\u00e1udio J Ferreira<\/dd>\n<\/dl>\n<p><br style=\"clear: both\" \/>\n<\/div>\n<p>O Instituto Geol\u00f3gico vem participando como membro colaborador da Frente Parlamentar de Apoio \u00e0 Minera\u00e7\u00e3o \u0096 FPAM &#8211; no Estado de S\u00e3o Paulo, lan\u00e7ada no dia 8\/11\/06 na Assembl\u00e9ia Legislativa, sob coordena\u00e7\u00e3o do deputado Jo\u00e3o Caramez (PSDB). <br \/> <br \/>\nA frente foi criada com o objetivo principal de fomentar, de forma sustent\u00e1vel, as atividades de minera\u00e7\u00e3o de interesse s\u00f3cio-econ\u00f4mico-financeiro para o Estado, em particular de cooperativas, pequenos e m\u00e9dios mineradores, assegurando o suprimento de recursos minerais necess\u00e1rios ao atendimento da agricultura, da ind\u00fastria de transforma\u00e7\u00e3o, da constru\u00e7\u00e3o civil, termalismo e crenologia (relativa a caracter\u00edsticas terap\u00eauticas e uso medicinal das \u00e1guas minerais naturais), de maneira est\u00e1vel e harm\u00f4nica com as demais formas de ocupa\u00e7\u00e3o do solo e atendimento \u00e0 legisla\u00e7\u00e3o ambiental.<br \/> <br \/>\nA FPAM recebeu a ades\u00e3o de parlamentares de v\u00e1rios partidos pol\u00edticos da atual legislatura e j\u00e1 realizou 03 (tr\u00eas) reuni\u00f5es, nas quais aprovou o seu Regimento Interno e estabeleceu a composi\u00e7\u00e3o dos membros colaboradores, indicados dentre representantes de entidades p\u00fablicas e privadas envolvidas com os objetivos da frente.<br \/> <br \/>\nA \u00faltima reuni\u00e3o, dia 13\/04\/07 em Campos de Jord\u00e3o, foi realizada em conjunto com a do Cons\u00f3rcio de Desenvolvimento Integrado do Vale do Para\u00edba \u0096 CODIVAP, contando com cerca de 80 participantes, entre deputados, prefeitos e representantes das ind\u00fastrias de minera\u00e7\u00e3o e de entidades p\u00fablicas e privadas.<br \/> <br \/>\nNo pr\u00f3ximo encontro da FPAM, agendado para o dia 15\/05\/07 na ALESP, ser\u00e1 definida a metodologia de trabalho e os temas a serem detalhados, incentivando a participa\u00e7\u00e3o de todos os agentes envolvidos, de forma a identificar os problemas e sugerir provid\u00eancias, que viabilizem a ado\u00e7\u00e3o de uma pol\u00edtica para o setor mineral. Dentre as propostas a serem debatidas destacam-se: a cria\u00e7\u00e3o de um \u00f3rg\u00e3o estadual de gest\u00e3o e coordena\u00e7\u00e3o de todas as atividades desenvolvidas por diversos \u00f3rg\u00e3os p\u00fablicos na \u00e1rea de minera\u00e7\u00e3o, e a forma de incentivar os munic\u00edpios a inclu\u00edrem o ordenamento territorial geomineiro em seus respectivos Planos Diretores.<\/p>\n","protected":false},"excerpt":{"rendered":"<p>Foto: Minera\u00e7\u00e3o de saibro em Caraguatatuba &#8211; Cl\u00e1udio J Ferreira O Instituto Geol\u00f3gico vem participando como membro colaborador da Frente Parlamentar de Apoio \u00e0 Minera\u00e7\u00e3o \u0096 FPAM &#8211; no Estado de S\u00e3o Paulo, lan\u00e7ada no dia 8\/11\/06 na Assembl\u00e9ia Legislativa, sob coordena\u00e7\u00e3o do deputado Jo\u00e3o Caramez (PSDB). A frente foi criada com o objetivo principal [&hellip;]<\/p>\n","protected":false},"author":1,"featured_media":0,"comment_status":"open","ping_status":"open","sticky":false,"template":"","format":"standard","meta":[],"categories":[1850],"tags":[],"_links":{"self":[{"href":"https:\/\/www.infraestruturameioambiente.sp.gov.br\/institutogeologico\/wp-json\/wp\/v2\/posts\/6481"}],"collection":[{"href":"https:\/\/www.infraestruturameioambiente.sp.gov.br\/institutogeologico\/wp-json\/wp\/v2\/posts"}],"about":[{"href":"https:\/\/www.infraestruturameioambiente.sp.gov.br\/institutogeologico\/wp-json\/wp\/v2\/types\/post"}],"author":[{"embeddable":true,"href":"https:\/\/www.infraestruturameioambiente.sp.gov.br\/institutogeologico\/wp-json\/wp\/v2\/users\/1"}],"replies":[{"embeddable":true,"href":"https:\/\/www.infraestruturameioambiente.sp.gov.br\/institutogeologico\/wp-json\/wp\/v2\/comments?post=6481"}],"version-history":[{"count":0,"href":"https:\/\/www.infraestruturameioambiente.sp.gov.br\/institutogeologico\/wp-json\/wp\/v2\/posts\/6481\/revisions"}],"wp:attachment":[{"href":"https:\/\/www.infraestruturameioambiente.sp.gov.br\/institutogeologico\/wp-json\/wp\/v2\/media?parent=6481"}],"wp:term":[{"taxonomy":"category","embeddable":true,"href":"https:\/\/www.infraestruturameioambiente.sp.gov.br\/institutogeologico\/wp-json\/wp\/v2\/categories?post=6481"},{"taxonomy":"post_tag","embeddable":true,"href":"https:\/\/www.infraestruturameioambiente.sp.gov.br\/institutogeologico\/wp-json\/wp\/v2\/tags?post=6481"}],"curies":[{"name":"wp","href":"https:\/\/api.w.org\/{rel}","templated":true}]}}