{"id":6476,"date":"2004-12-09T00:00:00","date_gmt":"2004-12-09T02:00:00","guid":{"rendered":"https:\/\/www.infraestruturameioambiente.sp.gov.br\/institutogeologico\/automatico\/pesquisadores-do-ig-participam-do-lancamento-do-mapa-de-aguas-subterraneas-do-estado-de-sao-paulo-na-estacao-ciencia\/"},"modified":"2013-03-13T15:10:46","modified_gmt":"2013-03-13T18:10:46","slug":"pesquisadores-do-ig-participam-do-lancamento-do-mapa-de-aguas-subterraneas-do-estado-de-sao-paulo-na-estacao-ciencia","status":"publish","type":"post","link":"https:\/\/www.infraestruturameioambiente.sp.gov.br\/institutogeologico\/2004\/12\/pesquisadores-do-ig-participam-do-lancamento-do-mapa-de-aguas-subterraneas-do-estado-de-sao-paulo-na-estacao-ciencia\/","title":{"rendered":"Pesquisadores do IG participam do lan\u00e7amento do Mapa de \u00c1guas Subterr\u00e2neas do Estado de S\u00e3o Paulo na Esta\u00e7\u00e3o Ci\u00eancia"},"content":{"rendered":"<p><a href=\"https:\/\/smastr16.blob.core.windows.net\/igeo\/noticias\/igeologico\/fotos\/not.gif\"><img decoding=\"async\" loading=\"lazy\" class=\"attachment-thumbnail alignleft\" src=\"https:\/\/smastr16.blob.core.windows.net\/igeo\/noticias\/igeologico\/fotos\/not.gif\" alt=\"\" width=\"150\" height=\"151\" \/><\/a><\/p>\n<p style=\"text-align: justify\">O Instituto Geol\u00f3gico juntamente como o DAEE, IPT e CPRM participa do lan\u00e7amento do Mapa Preliminar de \u00c1guas Subterr\u00e2neas do Estado de S\u00e3o Paulo. O evento ser\u00e1 realizado no Audit\u00f3rio da Esta\u00e7\u00e3o Ci\u00eancia \u0096 Centro de Difus\u00e3o Cient\u00edfico, Tecnol\u00f3gico e Cultural da Universidade de S\u00e3o Paulo, localizado a rua Guaicurus 1394\/1274; junto ao terminal Rodo-Ferrovi\u00e1rio Lapa (www.eciencia.usp.br )<\/p>\n<p style=\"text-align: justify\">O mapa hidrogeol\u00f3gico \u00e9 uma ferramenta \u00fatil para os que se dedicam ao planejamento e gest\u00e3o de recursos h\u00eddricos em \u00e2mbito regional. O p\u00fablico-alvo s\u00e3o administradores p\u00fablicos, profissionais especializados ou n\u00e3o da \u00e1rea tecnol\u00f3gica \u0096 engenheiros, ge\u00f3logos, ge\u00f3grafos, agr\u00f4nomos, arquitetos \u0096 e as institui\u00e7\u00f5es de pesquisa e ensino.<\/p>\n<p>PROGRAMA:<\/p>\n<p>DIA 14\/12\/2004<\/p>\n<p>1- SESS\u00c3O DIRIGIDA \u00c0 COMUNIDADE T\u00c9CNICO CIENT\u00cdFICA<\/p>\n<p>09:00 \u0096 09:30<\/p>\n<p>Apresenta\u00e7\u00e3o<\/p>\n<p>09:30 \u0096 10:30<\/p>\n<p>Observa\u00e7\u00e3o do Mapa e preenchimento de ficha de avalia\u00e7\u00e3o \/coment\u00e1rios\/ sugest\u00f5es.<\/p>\n<p>10:30 \u0096 11:30<\/p>\n<p>Discuss\u00e3o em plen\u00e1rio<\/p>\n<p>2- SESS\u00c3O DIRIGIDA AOS INTERSSADOS E AO P\u00daBLICO EM GERAL<\/p>\n<p>14:00 \u0096 14:30<\/p>\n<p>Apresenta\u00e7\u00e3o<\/p>\n<p>14:30 \u0096 15:30<\/p>\n<p>Observa\u00e7\u00e3o do mapa com intermedia\u00e7\u00e3o da equipe t\u00e9cnica do projeto<\/p>\n","protected":false},"excerpt":{"rendered":"<p>O Instituto Geol\u00f3gico juntamente como o DAEE, IPT e CPRM participa do lan\u00e7amento do Mapa Preliminar de \u00c1guas Subterr\u00e2neas do Estado de S\u00e3o Paulo. O evento ser\u00e1 realizado no Audit\u00f3rio da Esta\u00e7\u00e3o Ci\u00eancia \u0096 Centro de Difus\u00e3o Cient\u00edfico, Tecnol\u00f3gico e Cultural da Universidade de S\u00e3o Paulo, localizado a rua Guaicurus 1394\/1274; junto ao terminal Rodo-Ferrovi\u00e1rio [&hellip;]<\/p>\n","protected":false},"author":1,"featured_media":0,"comment_status":"open","ping_status":"open","sticky":false,"template":"","format":"standard","meta":[],"categories":[1850],"tags":[],"_links":{"self":[{"href":"https:\/\/www.infraestruturameioambiente.sp.gov.br\/institutogeologico\/wp-json\/wp\/v2\/posts\/6476"}],"collection":[{"href":"https:\/\/www.infraestruturameioambiente.sp.gov.br\/institutogeologico\/wp-json\/wp\/v2\/posts"}],"about":[{"href":"https:\/\/www.infraestruturameioambiente.sp.gov.br\/institutogeologico\/wp-json\/wp\/v2\/types\/post"}],"author":[{"embeddable":true,"href":"https:\/\/www.infraestruturameioambiente.sp.gov.br\/institutogeologico\/wp-json\/wp\/v2\/users\/1"}],"replies":[{"embeddable":true,"href":"https:\/\/www.infraestruturameioambiente.sp.gov.br\/institutogeologico\/wp-json\/wp\/v2\/comments?post=6476"}],"version-history":[{"count":1,"href":"https:\/\/www.infraestruturameioambiente.sp.gov.br\/institutogeologico\/wp-json\/wp\/v2\/posts\/6476\/revisions"}],"predecessor-version":[{"id":8068,"href":"https:\/\/www.infraestruturameioambiente.sp.gov.br\/institutogeologico\/wp-json\/wp\/v2\/posts\/6476\/revisions\/8068"}],"wp:attachment":[{"href":"https:\/\/www.infraestruturameioambiente.sp.gov.br\/institutogeologico\/wp-json\/wp\/v2\/media?parent=6476"}],"wp:term":[{"taxonomy":"category","embeddable":true,"href":"https:\/\/www.infraestruturameioambiente.sp.gov.br\/institutogeologico\/wp-json\/wp\/v2\/categories?post=6476"},{"taxonomy":"post_tag","embeddable":true,"href":"https:\/\/www.infraestruturameioambiente.sp.gov.br\/institutogeologico\/wp-json\/wp\/v2\/tags?post=6476"}],"curies":[{"name":"wp","href":"https:\/\/api.w.org\/{rel}","templated":true}]}}