{"id":6460,"date":"2009-08-19T00:00:00","date_gmt":"2009-08-19T03:00:00","guid":{"rendered":"https:\/\/www.infraestruturameioambiente.sp.gov.br\/institutogeologico\/automatico\/pesquisadora-do-ig-ministra-palestra-no-seminario-conjunto-argentina-brasil-%c2%93gestao-de-aguas-subterraneas%c2%94\/"},"modified":"2009-08-19T00:00:00","modified_gmt":"2009-08-19T03:00:00","slug":"pesquisadora-do-ig-ministra-palestra-no-seminario-conjunto-argentina-brasil-%c2%93gestao-de-aguas-subterraneas%c2%94","status":"publish","type":"post","link":"https:\/\/www.infraestruturameioambiente.sp.gov.br\/institutogeologico\/2009\/08\/pesquisadora-do-ig-ministra-palestra-no-seminario-conjunto-argentina-brasil-%c2%93gestao-de-aguas-subterraneas%c2%94\/","title":{"rendered":"Pesquisadora do IG ministra palestra no Semin\u00e1rio Conjunto Argentina-Brasil \u0093Gest\u00e3o de \u00c1guas Subterr\u00e2neas\u0094"},"content":{"rendered":"<div id=\"gallery-1\" class=\"gallery gallery-columns-1 gallery-size-thumbnail\">\n<dl class=\"gallery-item\">\n<dt class=\"gallery-icon\"><a href=\"https:\/\/smastr16.blob.core.windows.net\/igeo\/noticias\/igeologico\/fotos\/not.gif\" title=\"\"><img decoding=\"async\" width=\"150\" src=\"https:\/\/smastr16.blob.core.windows.net\/igeo\/noticias\/igeologico\/fotos\/not.gif\" class=\"attachment-thumbnail\" alt=\"\" \/><\/a><\/dt>\n<dd class=\"wp-caption-text gallery-caption\"><\/dd>\n<\/dl>\n<p><br style=\"clear: both\" \/>\n<\/div>\n<p>A pesquisadora Am\u00e9lia Jo\u00e3o Fernandes, do Instituto Geol\u00f3gico \u0096 SMA, ministrou a palestra intitulada \u0093Hidrogeologia do meio fraturado &#8211; din\u00e2mica, fluxo e recarga do Aqu\u00edfero Serra Geral\u0094 no Semin\u00e1rio Conjunto \u0093Gest\u00e3o de \u00c1guas Subterr\u00e2neas\u0094, realizado nas cidades de Puerto Iguaz\u00fa na Argentina e em Foz do Igua\u00e7u no Brasil no per\u00edodo de 10 a 13 de Agosto. O evento, com foco no Aqu\u00edfero Serra Geral e a quest\u00e3o da Oferta Termal, contou com palestras de t\u00e9cnicos e pesquisadores brasileiros e de outros pa\u00edses.<\/p>\n<p>O Semin\u00e1rio foi promovido no \u00e2mbito da Coopera\u00e7\u00e3o T\u00e9cnica Brasil-Argentina \u0093Desenvolvimento de Capacidades na \u00c1rea de Gest\u00e3o de Recursos H\u00eddricos\u0094, cujas entidades executoras s\u00e3o a Secretaria de Recursos H\u00eddricos e Ambiente Urbano do Minist\u00e9rio do Meio Ambiente e Ag\u00eancia Nacional de \u00c1guas, na parte brasileira e Subsecretaria de Recursos Hidricos de la Naci\u00f3n, na parte argentina.<\/p>\n","protected":false},"excerpt":{"rendered":"<p>A pesquisadora Am\u00e9lia Jo\u00e3o Fernandes, do Instituto Geol\u00f3gico \u0096 SMA, ministrou a palestra intitulada \u0093Hidrogeologia do meio fraturado &#8211; din\u00e2mica, fluxo e recarga do Aqu\u00edfero Serra Geral\u0094 no Semin\u00e1rio Conjunto \u0093Gest\u00e3o de \u00c1guas Subterr\u00e2neas\u0094, realizado nas cidades de Puerto Iguaz\u00fa na Argentina e em Foz do Igua\u00e7u no Brasil no per\u00edodo de 10 a 13 [&hellip;]<\/p>\n","protected":false},"author":1,"featured_media":0,"comment_status":"open","ping_status":"open","sticky":false,"template":"","format":"standard","meta":[],"categories":[1850],"tags":[],"_links":{"self":[{"href":"https:\/\/www.infraestruturameioambiente.sp.gov.br\/institutogeologico\/wp-json\/wp\/v2\/posts\/6460"}],"collection":[{"href":"https:\/\/www.infraestruturameioambiente.sp.gov.br\/institutogeologico\/wp-json\/wp\/v2\/posts"}],"about":[{"href":"https:\/\/www.infraestruturameioambiente.sp.gov.br\/institutogeologico\/wp-json\/wp\/v2\/types\/post"}],"author":[{"embeddable":true,"href":"https:\/\/www.infraestruturameioambiente.sp.gov.br\/institutogeologico\/wp-json\/wp\/v2\/users\/1"}],"replies":[{"embeddable":true,"href":"https:\/\/www.infraestruturameioambiente.sp.gov.br\/institutogeologico\/wp-json\/wp\/v2\/comments?post=6460"}],"version-history":[{"count":0,"href":"https:\/\/www.infraestruturameioambiente.sp.gov.br\/institutogeologico\/wp-json\/wp\/v2\/posts\/6460\/revisions"}],"wp:attachment":[{"href":"https:\/\/www.infraestruturameioambiente.sp.gov.br\/institutogeologico\/wp-json\/wp\/v2\/media?parent=6460"}],"wp:term":[{"taxonomy":"category","embeddable":true,"href":"https:\/\/www.infraestruturameioambiente.sp.gov.br\/institutogeologico\/wp-json\/wp\/v2\/categories?post=6460"},{"taxonomy":"post_tag","embeddable":true,"href":"https:\/\/www.infraestruturameioambiente.sp.gov.br\/institutogeologico\/wp-json\/wp\/v2\/tags?post=6460"}],"curies":[{"name":"wp","href":"https:\/\/api.w.org\/{rel}","templated":true}]}}