{"id":6454,"date":"2005-01-06T00:00:00","date_gmt":"2005-01-06T02:00:00","guid":{"rendered":"https:\/\/www.infraestruturameioambiente.sp.gov.br\/institutogeologico\/automatico\/projeto-de-regeneracao-socio-ambiental-das-areas-degradadas-pela-mineracao-de-saibro-em-ubatuba-tem-sua-fase-ii-aprovada-pela-fapesp\/"},"modified":"2005-01-06T00:00:00","modified_gmt":"2005-01-06T02:00:00","slug":"projeto-de-regeneracao-socio-ambiental-das-areas-degradadas-pela-mineracao-de-saibro-em-ubatuba-tem-sua-fase-ii-aprovada-pela-fapesp","status":"publish","type":"post","link":"https:\/\/www.infraestruturameioambiente.sp.gov.br\/institutogeologico\/2005\/01\/projeto-de-regeneracao-socio-ambiental-das-areas-degradadas-pela-mineracao-de-saibro-em-ubatuba-tem-sua-fase-ii-aprovada-pela-fapesp\/","title":{"rendered":"Projeto de regenera\u00e7\u00e3o s\u00f3cio-ambiental das \u00e1reas degradadas pela minera\u00e7\u00e3o de saibro em Ubatuba tem sua fase II aprovada pela FAPESP."},"content":{"rendered":"<div id=\"gallery-1\" class=\"gallery gallery-columns-1 gallery-size-thumbnail\">\n<dl class=\"gallery-item\">\n<dt class=\"gallery-icon\"><a href=\"https:\/\/smastr16.blob.core.windows.net\/igeo\/noticias\/igeologico\/fotos\/1_6_LWCW.jpg\" title=\"Foto: Claudio Jos\u00e9 Ferreira\"><img decoding=\"async\" width=\"150\" src=\"https:\/\/smastr16.blob.core.windows.net\/igeo\/noticias\/igeologico\/fotos\/1_6_LWCW.jpg\" class=\"attachment-thumbnail\" alt=\"Foto: Claudio Jos\u00e9 Ferreira\" \/><\/a><\/dt>\n<dd class=\"wp-caption-text gallery-caption\">Foto: Claudio Jos\u00e9 Ferreira<\/dd>\n<\/dl>\n<p><br style=\"clear: both\" \/>\n<\/div>\n<p>Na fase I do projeto obteve-se um diagn\u00f3stico da situa\u00e7\u00e3o miner\u00e1ria do munic\u00edpio, incluindo trabalhos de campo em 95 pontos de \u00e1reas mineradas, consulta aos processos de licenciamento ambiental, realiza\u00e7\u00e3o de um workshop com os principais atores sociais que atuam na quest\u00e3o e de treinamento em geoprocessamento com base no SIG Spring, envolvendo t\u00e9cnicos da prefeitura de Ubatuba. A fase I foi executada de mar\u00e7o a agosto de 2004 com um or\u00e7amento de R$ 29.730,00. Agora, a FAPESP, reconhecendo o cumprimento de todas as propostas da primeira fase e a viabilidade de uma efetiva transfer\u00eancia do conhecimento gerado para o parceiro do projeto (Prefeitura de Ubatuba), aprovou a continuidade do projeto em sua segunda fase com um or\u00e7amento de R$152.280,00. O projeto trata da gest\u00e3o ambiental da minera\u00e7\u00e3o em Ubatuba, com \u00eanfase na integra\u00e7\u00e3o dos aspectos de recupera\u00e7\u00e3o ambiental, redu\u00e7\u00e3o dos perigos naturais e produ\u00e7\u00e3o de saibro compat\u00edvel com a demanda municipal.<br \/> <br \/>\nInforma\u00e7\u00f5es mais detalhadas podem ser obtidas com o pesquisador Cl\u00e1udio Jos\u00e9 Ferreira, coordenador do projeto <a href=\"mailto:cferreira@igeologico.sp.gov.br\">(cferreira@igeologico.sp.gov.br)<\/a>. <a href=\"\/wp-content\/uploads\/noticias\/igeologico\/downloads\/Projeto_fase_II_vs_final.pdf\">Clique aqui para fazer o download do projeto<\/a>.<\/p>\n","protected":false},"excerpt":{"rendered":"<p>Foto: Claudio Jos\u00e9 Ferreira Na fase I do projeto obteve-se um diagn\u00f3stico da situa\u00e7\u00e3o miner\u00e1ria do munic\u00edpio, incluindo trabalhos de campo em 95 pontos de \u00e1reas mineradas, consulta aos processos de licenciamento ambiental, realiza\u00e7\u00e3o de um workshop com os principais atores sociais que atuam na quest\u00e3o e de treinamento em geoprocessamento com base no SIG [&hellip;]<\/p>\n","protected":false},"author":1,"featured_media":0,"comment_status":"open","ping_status":"open","sticky":false,"template":"","format":"standard","meta":[],"categories":[1850],"tags":[],"_links":{"self":[{"href":"https:\/\/www.infraestruturameioambiente.sp.gov.br\/institutogeologico\/wp-json\/wp\/v2\/posts\/6454"}],"collection":[{"href":"https:\/\/www.infraestruturameioambiente.sp.gov.br\/institutogeologico\/wp-json\/wp\/v2\/posts"}],"about":[{"href":"https:\/\/www.infraestruturameioambiente.sp.gov.br\/institutogeologico\/wp-json\/wp\/v2\/types\/post"}],"author":[{"embeddable":true,"href":"https:\/\/www.infraestruturameioambiente.sp.gov.br\/institutogeologico\/wp-json\/wp\/v2\/users\/1"}],"replies":[{"embeddable":true,"href":"https:\/\/www.infraestruturameioambiente.sp.gov.br\/institutogeologico\/wp-json\/wp\/v2\/comments?post=6454"}],"version-history":[{"count":0,"href":"https:\/\/www.infraestruturameioambiente.sp.gov.br\/institutogeologico\/wp-json\/wp\/v2\/posts\/6454\/revisions"}],"wp:attachment":[{"href":"https:\/\/www.infraestruturameioambiente.sp.gov.br\/institutogeologico\/wp-json\/wp\/v2\/media?parent=6454"}],"wp:term":[{"taxonomy":"category","embeddable":true,"href":"https:\/\/www.infraestruturameioambiente.sp.gov.br\/institutogeologico\/wp-json\/wp\/v2\/categories?post=6454"},{"taxonomy":"post_tag","embeddable":true,"href":"https:\/\/www.infraestruturameioambiente.sp.gov.br\/institutogeologico\/wp-json\/wp\/v2\/tags?post=6454"}],"curies":[{"name":"wp","href":"https:\/\/api.w.org\/{rel}","templated":true}]}}