{"id":6452,"date":"2006-05-23T00:00:00","date_gmt":"2006-05-23T03:00:00","guid":{"rendered":"https:\/\/www.infraestruturameioambiente.sp.gov.br\/institutogeologico\/automatico\/a-mineracao-esquecida-impactos-ambientais-da-extracao-de-saibro-no-litoral-norte-do-estado-de-sao-paulo\/"},"modified":"2006-05-23T00:00:00","modified_gmt":"2006-05-23T03:00:00","slug":"a-mineracao-esquecida-impactos-ambientais-da-extracao-de-saibro-no-litoral-norte-do-estado-de-sao-paulo","status":"publish","type":"post","link":"https:\/\/www.infraestruturameioambiente.sp.gov.br\/institutogeologico\/2006\/05\/a-mineracao-esquecida-impactos-ambientais-da-extracao-de-saibro-no-litoral-norte-do-estado-de-sao-paulo\/","title":{"rendered":"A minera\u00e7\u00e3o esquecida: impactos ambientais da extra\u00e7\u00e3o de saibro no Litoral Norte do Estado de S\u00e3o Paulo."},"content":{"rendered":"<div id=\"gallery-1\" class=\"gallery gallery-columns-1 gallery-size-thumbnail\">\n<dl class=\"gallery-item\">\n<dt class=\"gallery-icon\"><a href=\"https:\/\/smastr16.blob.core.windows.net\/igeo\/noticias\/igeologico\/fotos\/5_23_VLSP.jpg\" title=\"Foto: Claudio J. Ferreira\"><img decoding=\"async\" width=\"150\" src=\"https:\/\/smastr16.blob.core.windows.net\/igeo\/noticias\/igeologico\/fotos\/5_23_VLSP.jpg\" class=\"attachment-thumbnail\" alt=\"Foto: Claudio J. Ferreira\" \/><\/a><\/dt>\n<dd class=\"wp-caption-text gallery-caption\">Foto: Claudio J. Ferreira<\/dd>\n<\/dl>\n<p><br style=\"clear: both\" \/>\n<\/div>\n<p>Esse ser\u00e1 o tema de palestra a ser proferida pelo pesquisador Cl\u00e1udio Jos\u00e9 Ferreira no Instituto de Astronomia, Geof\u00edsica e Ci\u00eancias Atmosf\u00e9ricas da USP, no dia 01 de junho de 2006, quinta-feira, as 16:00h, promovida pelo Departamento de Geof\u00edsica. O saibro constitui um dos bens minerais mais explorados nas \u00faltimas d\u00e9cadas no Litoral Norte do Estado de S\u00e3o Paulo. Ainda que seja um bem mineral abundante e n\u00e3o requeira tecnologia sofisticada para sua produ\u00e7\u00e3o, seu aproveitamento desordenado ocasionou, nas \u00faltimas d\u00e9cadas, grave degrada\u00e7\u00e3o ambiental. As \u00e1reas degradadas pela minera\u00e7\u00e3o depreciam o patrim\u00f4nio paisag\u00edstico da regi\u00e3o com voca\u00e7\u00e3o tur\u00edstica, oferecem perigos \u00e0 popula\u00e7\u00e3o, \u00e0 equipamentos e ao meio ambiente relacionados \u00e0 movimentos de massa e veicula\u00e7\u00e3o h\u00eddrica e consistem num fator impeditivo \u00e0 atividade econ\u00f4mica de minera\u00e7\u00e3o. A abordagem do estudo busca aliar informa\u00e7\u00f5es geol\u00f3gicas-geot\u00e9cnicas (caracteriza\u00e7\u00e3o do potencial mineral, avalia\u00e7\u00e3o dos perigos geol\u00f3gicos e risco a pessoas e bens e qualifica\u00e7\u00e3o do grau de degrada\u00e7\u00e3o dos s\u00edtios minerados) com o papel dos diversos setores sociais envolvidos na quest\u00e3o.<\/p>\n","protected":false},"excerpt":{"rendered":"<p>Foto: Claudio J. Ferreira Esse ser\u00e1 o tema de palestra a ser proferida pelo pesquisador Cl\u00e1udio Jos\u00e9 Ferreira no Instituto de Astronomia, Geof\u00edsica e Ci\u00eancias Atmosf\u00e9ricas da USP, no dia 01 de junho de 2006, quinta-feira, as 16:00h, promovida pelo Departamento de Geof\u00edsica. O saibro constitui um dos bens minerais mais explorados nas \u00faltimas d\u00e9cadas [&hellip;]<\/p>\n","protected":false},"author":1,"featured_media":0,"comment_status":"open","ping_status":"open","sticky":false,"template":"","format":"standard","meta":[],"categories":[1850],"tags":[],"_links":{"self":[{"href":"https:\/\/www.infraestruturameioambiente.sp.gov.br\/institutogeologico\/wp-json\/wp\/v2\/posts\/6452"}],"collection":[{"href":"https:\/\/www.infraestruturameioambiente.sp.gov.br\/institutogeologico\/wp-json\/wp\/v2\/posts"}],"about":[{"href":"https:\/\/www.infraestruturameioambiente.sp.gov.br\/institutogeologico\/wp-json\/wp\/v2\/types\/post"}],"author":[{"embeddable":true,"href":"https:\/\/www.infraestruturameioambiente.sp.gov.br\/institutogeologico\/wp-json\/wp\/v2\/users\/1"}],"replies":[{"embeddable":true,"href":"https:\/\/www.infraestruturameioambiente.sp.gov.br\/institutogeologico\/wp-json\/wp\/v2\/comments?post=6452"}],"version-history":[{"count":0,"href":"https:\/\/www.infraestruturameioambiente.sp.gov.br\/institutogeologico\/wp-json\/wp\/v2\/posts\/6452\/revisions"}],"wp:attachment":[{"href":"https:\/\/www.infraestruturameioambiente.sp.gov.br\/institutogeologico\/wp-json\/wp\/v2\/media?parent=6452"}],"wp:term":[{"taxonomy":"category","embeddable":true,"href":"https:\/\/www.infraestruturameioambiente.sp.gov.br\/institutogeologico\/wp-json\/wp\/v2\/categories?post=6452"},{"taxonomy":"post_tag","embeddable":true,"href":"https:\/\/www.infraestruturameioambiente.sp.gov.br\/institutogeologico\/wp-json\/wp\/v2\/tags?post=6452"}],"curies":[{"name":"wp","href":"https:\/\/api.w.org\/{rel}","templated":true}]}}