{"id":6451,"date":"2007-05-15T00:00:00","date_gmt":"2007-05-15T03:00:00","guid":{"rendered":"https:\/\/www.infraestruturameioambiente.sp.gov.br\/institutogeologico\/automatico\/ig-atende-promotoria-de-justica-de-sao-pedro\/"},"modified":"2007-05-15T00:00:00","modified_gmt":"2007-05-15T03:00:00","slug":"ig-atende-promotoria-de-justica-de-sao-pedro","status":"publish","type":"post","link":"https:\/\/www.infraestruturameioambiente.sp.gov.br\/institutogeologico\/2007\/05\/ig-atende-promotoria-de-justica-de-sao-pedro\/","title":{"rendered":"IG atende Promotoria de Justi\u00e7a de S\u00e3o Pedro"},"content":{"rendered":"<div id=\"gallery-1\" class=\"gallery gallery-columns-1 gallery-size-thumbnail\">\n<dl class=\"gallery-item\">\n<dt class=\"gallery-icon\"><a href=\"https:\/\/smastr16.blob.core.windows.net\/igeo\/noticias\/igeologico\/fotos\/5_15_JTIY.jpg\" title=\"Foto: J. Santoro\"><img decoding=\"async\" width=\"150\" src=\"https:\/\/smastr16.blob.core.windows.net\/igeo\/noticias\/igeologico\/fotos\/5_15_JTIY.jpg\" class=\"attachment-thumbnail\" alt=\"Foto: J. Santoro\" \/><\/a><\/dt>\n<dd class=\"wp-caption-text gallery-caption\">Foto: J. Santoro<\/dd>\n<\/dl>\n<p><br style=\"clear: both\" \/>\n<\/div>\n<p>A fim de instruir o procedimento que apura den\u00fancias de dano ambiental em loteamento na cidade de S\u00e3o Pedro, SP, os pesquisadores Jair Santoro e Ros\u00e2ngela do Amaral realizaram vistoria e relat\u00f3rio t\u00e9cnico sobre os processos erosivos acelerados e assoreamento de curso d\u00e1gua que ocorrem na \u00e1rea. As causas do problema, segundo os t\u00e9cnicos, est\u00e1 ligada \u00e0 capta\u00e7\u00e3o inadequada das \u00e1guas fluviais, seu lan\u00e7amento concentrado e a falta de estruturas de dissipi\u00e7\u00e3o de energia das \u00e1guas nos pontos de descarga.<\/p>\n","protected":false},"excerpt":{"rendered":"<p>Foto: J. Santoro A fim de instruir o procedimento que apura den\u00fancias de dano ambiental em loteamento na cidade de S\u00e3o Pedro, SP, os pesquisadores Jair Santoro e Ros\u00e2ngela do Amaral realizaram vistoria e relat\u00f3rio t\u00e9cnico sobre os processos erosivos acelerados e assoreamento de curso d\u00e1gua que ocorrem na \u00e1rea. As causas do problema, segundo [&hellip;]<\/p>\n","protected":false},"author":1,"featured_media":0,"comment_status":"open","ping_status":"open","sticky":false,"template":"","format":"standard","meta":[],"categories":[1850],"tags":[],"_links":{"self":[{"href":"https:\/\/www.infraestruturameioambiente.sp.gov.br\/institutogeologico\/wp-json\/wp\/v2\/posts\/6451"}],"collection":[{"href":"https:\/\/www.infraestruturameioambiente.sp.gov.br\/institutogeologico\/wp-json\/wp\/v2\/posts"}],"about":[{"href":"https:\/\/www.infraestruturameioambiente.sp.gov.br\/institutogeologico\/wp-json\/wp\/v2\/types\/post"}],"author":[{"embeddable":true,"href":"https:\/\/www.infraestruturameioambiente.sp.gov.br\/institutogeologico\/wp-json\/wp\/v2\/users\/1"}],"replies":[{"embeddable":true,"href":"https:\/\/www.infraestruturameioambiente.sp.gov.br\/institutogeologico\/wp-json\/wp\/v2\/comments?post=6451"}],"version-history":[{"count":0,"href":"https:\/\/www.infraestruturameioambiente.sp.gov.br\/institutogeologico\/wp-json\/wp\/v2\/posts\/6451\/revisions"}],"wp:attachment":[{"href":"https:\/\/www.infraestruturameioambiente.sp.gov.br\/institutogeologico\/wp-json\/wp\/v2\/media?parent=6451"}],"wp:term":[{"taxonomy":"category","embeddable":true,"href":"https:\/\/www.infraestruturameioambiente.sp.gov.br\/institutogeologico\/wp-json\/wp\/v2\/categories?post=6451"},{"taxonomy":"post_tag","embeddable":true,"href":"https:\/\/www.infraestruturameioambiente.sp.gov.br\/institutogeologico\/wp-json\/wp\/v2\/tags?post=6451"}],"curies":[{"name":"wp","href":"https:\/\/api.w.org\/{rel}","templated":true}]}}