{"id":3099,"date":"2009-04-30T00:00:00","date_gmt":"2009-04-30T03:00:00","guid":{"rendered":"https:\/\/www.infraestruturameioambiente.sp.gov.br\/institutogeologico\/geodados\/projetos\/padroes-processos-e-fragmentacao-da-mata-atlantica-efeitos-climaticos-e-antropicos-ao-longo-do-holoceno-regiao-sul-da-grande-sao-paulo-brasil-2\/"},"modified":"2013-03-20T14:54:54","modified_gmt":"2013-03-20T17:54:54","slug":"padroes-processos-e-fragmentacao-da-mata-atlantica-efeitos-climaticos-e-antropicos-ao-longo-do-holoceno-regiao-sul-da-grande-sao-paulo-brasil-2","status":"publish","type":"post","link":"https:\/\/www.infraestruturameioambiente.sp.gov.br\/institutogeologico\/2009\/04\/padroes-processos-e-fragmentacao-da-mata-atlantica-efeitos-climaticos-e-antropicos-ao-longo-do-holoceno-regiao-sul-da-grande-sao-paulo-brasil-2\/","title":{"rendered":"Padr\u00f5es, Processos e Fragmenta\u00e7\u00e3o da Mata Atl\u00e2ntica: Efeitos Clim\u00e1ticos e Antr\u00f3picos ao Longo do Holoceno, Regi\u00e3o Sul da Grande S\u00e3o Paulo, Brasil"},"content":{"rendered":"<p><strong>T\u00edtulo:<\/strong> Padr\u00f5es, Processos e Fragmenta\u00e7\u00e3o da Mata Atl\u00e2ntica: Efeitos Clim\u00e1ticos e Antr\u00f3picos ao Longo do Holoceno, Regi\u00e3o Sul da Grande S\u00e3o Paulo, Brasil<\/p>\n<p><strong>Coordenador:<\/strong> Ana Luisa Vietti Bittencourt \u0096 UNIFESP (UNIFESP)<\/p>\n<p><strong>Programa:<\/strong> Climatologia e Meio Ambiente<\/p>\n<p><strong>Equipe:<\/strong> Cynthia Fernandes Pinto da Luz (INSTITUTO DE BOT\u00c2NICA), M\u00e1rcia Helena Galina (INSTITUTO GEOL\u00d3GICO) e Adriana Maria Zanforlin Martini (UNIFESP)<\/p>\n<p><strong>Per\u00edodo:<\/strong> 4\/1\/2008 &#8211; 4\/30\/2009 (conclu\u00eddo)<\/p>\n<p><strong>Descri\u00e7\u00e3o:<\/strong> Mudan\u00e7as globais atuais envolvem processos complexos, relacionados \u00e0 a\u00e7\u00e3o antr\u00f3pica no ambiente. A ocupa\u00e7\u00e3o do espa\u00e7o, o crescimento populacional, a urbaniza\u00e7\u00e3o e a polui\u00e7\u00e3o do meio afetam, cada vez mais, as condi\u00e7\u00f5es de sustentabilidade dos recursos naturais, a qualidade ambiental e o clima. O presente projeto objetivou estudar os efeitos da ocupa\u00e7\u00e3o humana na paisagem, procurou delinear as diferentes din\u00e2micas ocupacionais, em escalas temporais distintas, com a finalidade de entender os processos de intera\u00e7\u00e3o, fragmenta\u00e7\u00e3o, impactos ambientais e perda do patrim\u00f4nio gen\u00e9tico da floresta Atl\u00e2ntica. O estudo incluir\u00e1 os levantamentos de s\u00edtios arqueol\u00f3gicos e sua localiza\u00e7\u00e3o na paisagem. Eles s\u00e3o importantes marcadores ambientais, pois guardam informa\u00e7\u00f5es sobre a composi\u00e7\u00e3o da paisagem no passado, atrav\u00e9s de seus constituintes f\u00edsicos (solo), qu\u00edmicos (elementos geoqu\u00edmicos) e biol\u00f3gicos (p\u00f3lens, vest\u00edgios faun\u00edsticos e flor\u00edsticos). A compara\u00e7\u00e3o dos elementos atuais que comp\u00f5em a paisagem com os dados arqueol\u00f3gicos possibilitar\u00e3o avaliar a fragmenta\u00e7\u00e3o e a perda do patrim\u00f4nio gen\u00e9tico da floresta Atl\u00e2ntica ao longo dos diferentes processos de ocupa\u00e7\u00e3o, durante os \u00faltimos mil\u00eanios. As atividades elaboradas no per\u00edodo estiveram vinculadas sobretudo \u00e0 metodologia de estudo em fragmentos da Mata Atl\u00e2ntica na regi\u00e3o metropolitana de S\u00e3o Paulo, envolvendo an\u00e1lise de dados espaciais &#8211; por meio de t\u00e9cnicas de SIG, GPS e Sensoriamento Remoto &#8211; e chuva pol\u00ednica em \u00e1reas de prote\u00e7\u00e3o ambiental, situadas no entorno da represa Billings, distribu\u00eddas entre os munic\u00edpios de Diadema, S\u00e3o Bernardo do Campo e S\u00e3o Paulo, delimitadas espacialmente entre as coordenadas 23\u00b054\u00b4 e 23\u00b037\u00b4S e 46\u00b050\u0092 e 46\u00b029\u0092W com cerca de 1.62 km\u00b2 de \u00e1rea.<\/p>\n<p><strong>Fonte de Financiamento:<\/strong> CNPq<\/p>\n<p><strong>Trabalhos publicados:<\/strong> Obs: nem todas as refer\u00eancias listadas encontram-se no acervo da Biblioteca do IG, consulte os autores para localizar uma c\u00f3pia do trabalho<\/p>\n<p>BITTENCOURT, A. L.V. ; LUZ, C. F. P. ; GALINA, M. H. ; Martini, A. 2008. M\u00e9todos de An\u00e1lise Espacial e Coleta de Chuva Pol\u00ednica em Fragmentos Atuais de Mata Atl\u00e2ntica, Regi\u00e3o Metropolitana de S\u00e3o Paulo, Brasil. In: Simp\u00f3sio Brasileiro de Paleobot\u00e2nica e Palinologia, 12, Florian\u00f3polis, Anais.<\/p>\n","protected":false},"excerpt":{"rendered":"<p>Mudan\u00e7as globais atuais envolvem processos complexos, relacionados \u00e0 a\u00e7\u00e3o antr\u00f3pica no ambiente. A ocupa\u00e7\u00e3o do espa\u00e7o, o crescimento populacional, a urbaniza\u00e7\u00e3o e a polui\u00e7\u00e3o do meio  afetam, cada vez mais, as condi\u00e7\u00f5es de sustentabilidade dos recursos naturais, a qualidade ambiental e o clima. O presente projeto objetivou estudar os efeitos da ocupa\u00e7\u00e3o humana na paisagem, procurou delinear as diferentes din\u00e2micas ocupacionais, em escalas temporais distintas, com a finalidade de entender os processos de intera\u00e7\u00e3o, fragmenta\u00e7\u00e3o, impactos ambientais e perda do patrim\u00f4nio gen\u00e9tico da floresta Atl\u00e2ntica. O estudo incluir\u00e1 os levantamentos de s\u00edtios arqueol\u00f3gicos e sua localiza\u00e7\u00e3o na paisagem. Eles s\u00e3o importantes marcadores ambientais, pois guardam informa\u00e7\u00f5es sobre a composi\u00e7\u00e3o da paisagem no passado, atrav\u00e9s de seus constituintes f\u00edsicos (solo), qu\u00edmicos (elementos geoqu\u00edmicos) e biol\u00f3gicos (p\u00f3lens, vest\u00edgios faun\u00edsticos e flor\u00edsticos). A compara\u00e7\u00e3o dos elementos atuais que comp\u00f5em a paisagem com os dados arqueol\u00f3gicos possibilitar\u00e3o avaliar a fragmenta\u00e7\u00e3o e a perda do patrim\u00f4nio gen\u00e9tico da floresta Atl\u00e2ntica ao longo dos diferentes processos de ocupa\u00e7\u00e3o, durante os \u00faltimos mil\u00eanios. As atividades elaboradas no per\u00edodo estiveram vinculadas sobretudo \u00e0 metodologia de estudo em fragmentos da Mata Atl\u00e2ntica na regi\u00e3o metropolitana de S\u00e3o Paulo, envolvendo an\u00e1lise de dados espaciais &#8211;  por meio de t\u00e9cnicas de SIG, GPS e Sensoriamento Remoto &#8211; e chuva pol\u00ednica em \u00e1reas de prote\u00e7\u00e3o ambiental, situadas no entorno da represa Billings, distribu\u00eddas entre os munic\u00edpios de Diadema, S\u00e3o Bernardo do Campo e S\u00e3o Paulo, delimitadas espacialmente entre as coordenadas 23\u00b054\u00b4 e 23\u00b037\u00b4S e 46\u00b050\u0092 e 46\u00b029\u0092W  com cerca de 1.62 km\u00b2 de \u00e1rea.<\/p>\n","protected":false},"author":1,"featured_media":0,"comment_status":"open","ping_status":"open","sticky":false,"template":"","format":"standard","meta":[],"categories":[1880,8],"tags":[],"_links":{"self":[{"href":"https:\/\/www.infraestruturameioambiente.sp.gov.br\/institutogeologico\/wp-json\/wp\/v2\/posts\/3099"}],"collection":[{"href":"https:\/\/www.infraestruturameioambiente.sp.gov.br\/institutogeologico\/wp-json\/wp\/v2\/posts"}],"about":[{"href":"https:\/\/www.infraestruturameioambiente.sp.gov.br\/institutogeologico\/wp-json\/wp\/v2\/types\/post"}],"author":[{"embeddable":true,"href":"https:\/\/www.infraestruturameioambiente.sp.gov.br\/institutogeologico\/wp-json\/wp\/v2\/users\/1"}],"replies":[{"embeddable":true,"href":"https:\/\/www.infraestruturameioambiente.sp.gov.br\/institutogeologico\/wp-json\/wp\/v2\/comments?post=3099"}],"version-history":[{"count":2,"href":"https:\/\/www.infraestruturameioambiente.sp.gov.br\/institutogeologico\/wp-json\/wp\/v2\/posts\/3099\/revisions"}],"predecessor-version":[{"id":8155,"href":"https:\/\/www.infraestruturameioambiente.sp.gov.br\/institutogeologico\/wp-json\/wp\/v2\/posts\/3099\/revisions\/8155"}],"wp:attachment":[{"href":"https:\/\/www.infraestruturameioambiente.sp.gov.br\/institutogeologico\/wp-json\/wp\/v2\/media?parent=3099"}],"wp:term":[{"taxonomy":"category","embeddable":true,"href":"https:\/\/www.infraestruturameioambiente.sp.gov.br\/institutogeologico\/wp-json\/wp\/v2\/categories?post=3099"},{"taxonomy":"post_tag","embeddable":true,"href":"https:\/\/www.infraestruturameioambiente.sp.gov.br\/institutogeologico\/wp-json\/wp\/v2\/tags?post=3099"}],"curies":[{"name":"wp","href":"https:\/\/api.w.org\/{rel}","templated":true}]}}