{"id":3075,"date":"2004-04-23T00:00:00","date_gmt":"2004-04-23T03:00:00","guid":{"rendered":"https:\/\/www.infraestruturameioambiente.sp.gov.br\/institutogeologico\/geodados\/projetos\/sistema-de-informacao-para-o-gerenciamento-ambiental-dos-recursos-hidricos-subterraneos-na-area-de-afloramento-do-aquifero-guarani\/"},"modified":"2013-04-11T14:34:05","modified_gmt":"2013-04-11T17:34:05","slug":"sistema-de-informacao-para-o-gerenciamento-ambiental-dos-recursos-hidricos-subterraneos-na-area-de-afloramento-do-aquifero-guarani","status":"publish","type":"post","link":"https:\/\/www.infraestruturameioambiente.sp.gov.br\/institutogeologico\/2004\/04\/sistema-de-informacao-para-o-gerenciamento-ambiental-dos-recursos-hidricos-subterraneos-na-area-de-afloramento-do-aquifero-guarani\/","title":{"rendered":"Sistema de informa\u00e7\u00e3o para o gerenciamento ambiental dos recursos h\u00eddricos subterr\u00e2neos na \u00e1rea de afloramento do Aqu\u00edfero Guarani"},"content":{"rendered":"<p><strong>T\u00edtulo:<\/strong> Sistema de informa\u00e7\u00e3o para o gerenciamento ambiental dos recursos h\u00eddricos subterr\u00e2neos na \u00e1rea de afloramento do Aqu\u00edfero Guarani<\/p>\n<p><strong>Coordenador:<\/strong> Mara Akie Iritani (Instituto Geol\u00f3gico\/SMA)<\/p>\n<p><strong>Programa:<\/strong> Recursos H\u00eddricos Subterr\u00e2neos e Meio Ambiente<\/p>\n<p><strong>Equipe:<\/strong> Coordenador Geral: Suani Teixeira Coelho; Coordenadora executiva: Mara Akie Iritani (Instituto Geol\u00f3gico\/SMA); Respons\u00e1vel T\u00e9cnico: Ot\u00e1vio Okano (CETESB); Articula\u00e7\u00e3o Institucional: Ana L\u00facia Segamarchi; IG: Antonio Carlos Moretti Guedes, Luciana M. R. Ferreira, Mara A. Iritani, Marcia M. N. Pressinotti; CETESB: Cl\u00e1udio Luiz Dias, Dorothy C. P. Casarini, , Jos\u00e9 M\u00e1rio Nogueira dos Santos, Marco Antonio Sanches Artuzo, Ot\u00e1vio Okano, Ros\u00e2ngela Pacini Modesto, Tang Hai Ling Chieh; Instituto Florestal: Jos\u00e9 R\u00e9gis Guillaumon, Marco Aur\u00e9lio Nalon<\/p>\n<p><strong>Per\u00edodo:<\/strong> 1\/1\/2001 &#8211; 4\/23\/2004 (conclu\u00eddo)<\/p>\n<p><strong>Descri\u00e7\u00e3o:<\/strong> O Termo de Coopera\u00e7\u00e3o T\u00e9cnica assinado entre a Secretaria do Meio Ambiente do Estado de S\u00e3o Paulo e a Secretaria de Meio Ambiente, Sa\u00fade P\u00fablica e Prote\u00e7\u00e3o ao Consumidor do Estado da Baviera (Alemanha) buscou a execu\u00e7\u00e3o de a\u00e7\u00f5es e projetos conjuntos, sendo que a concretiza\u00e7\u00e3o desta coopera\u00e7\u00e3o se deu na \u00e1rea de recursos h\u00eddricos subterr\u00e2neos, mais especificamente, no Aqu\u00edfero Guarani. Na Fase I desta coopera\u00e7\u00e3o t\u00e9cnica, ocorrida entre 1999 e 2001, foi promovida uma discuss\u00e3o entre diversos profissionais ligados \u00e0 \u00e1rea, sobre o estado atual de conhecimento do Aqu\u00edfero Guarani, resultando na elabora\u00e7\u00e3o da proposta de projeto conjunto entre a SMA\/SP e o StMLU\/Baviera. O projeto, denominado &#8220;Sistema Piloto de Informa\u00e7\u00e3o para o Gerenciamento Ambiental dos Recursos H\u00eddricos Subterr\u00e2neos na \u00c1rea de Afloramento do Sistema Aqu\u00edfero Guarani no Estado de S\u00e3o Paulo&#8221;, teve in\u00edcio em dezembro de 2001 e concretizou a Fase II da coopera\u00e7\u00e3o t\u00e9cnica. A \u00e1rea escolhida para o estudo foi o munic\u00edpio de Ribeir\u00e3o Preto devido a import\u00e2ncia da \u00e1gua subterr\u00e2nea para o abastecimento p\u00fablico. Como resultado deste projeto, foi desenvolvido um sistema piloto de informa\u00e7\u00e3o que re\u00fane os dados espaciais existentes nos diferentes setores\/\u00f3rg\u00e3os do sistema de meio ambiente para dar suporte \u00e0s atividades de prote\u00e7\u00e3o do Aq\u00fc\u00edfero Guarani. A an\u00e1lise das informa\u00e7\u00f5es obtidas permitiu tamb\u00e9m recomendar per\u00edmetros de prote\u00e7\u00e3o de po\u00e7os e do Aq\u00fc\u00edfero Guarani, assim como elaborar uma proposta de restri\u00e7\u00f5es de atividades a serem aplicadas a estas \u00e1reas de prote\u00e7\u00e3o.<\/p>\n<p><a href=\"\/ps_downloads.asp#afloraguarani\">Clique aqui para ver os relat\u00f3rios <\/a><\/p>\n<p><strong>Fonte de Financiamento:<\/strong> FAPESP, PROCOP e Governo da Baviera<\/p>\n<p><strong>Trabalhos publicados:<\/strong> Obs: nem todas as refer\u00eancias listadas encontram-se no acervo da Biblioteca do IG, consulte os autores para localizar uma c\u00f3pia do trabalho<\/p>\n<p>IRITANI, M. A. 1999. Mapeamento da vulnerabilidade natural das \u00e1guas subterr\u00e2neas do Estado de S\u00e3o Paulo, com destaque ao Aqu\u00edfero Guarani. Semin\u00e1rio Internacional Estrat\u00e9gias para o Gerenciamento Ambiental do Aqu\u00edfero Guarani no Estado de S\u00e3o Paulo. S\u00e3o Paulo. Boletim de Resumos&#8230; Secretaria do Meio Ambiente, S\u00e3o Paulo, 33 &#8211; 35.<\/p>\n<p>PRESSINOTTI, M. M. N.; GUEDES, A. C. M.; CHIED, T. H. L.; SANTOS, J. M. N.; MODESTO, R. P.; GARSCHHAMMER, R. \u0096 2004 \u0096 SIAGuarani \u0096 Sistema de Informa\u00e7\u00e3o para o Gerenciamento Ambiental do Aq\u00fc\u00edfero Guarani no estado de S\u00e3o Paulo. In: Congresso Brasileiro de Geologia, XLII., Arax\u00e1, MG. Boletim de Resumos&#8230;Arax\u00e1, MG: SBG, 2004. (CD-ROM).<\/p>\n<p>IRITANI, M.A.; SCHULER, G.; DIAS, C.L.; FERREIRA, L.M.R.; GUILLAUMON, J.R.; FRISCH, H.; CASARINI, D.C.P.; TR\u00d6GER, U. 2004. Explora\u00e7\u00e3o do Aq\u00fc\u00edfero Guarani e os impactos ao n\u00edvel d&#8217;\u00e1gua em Ribeir\u00e3o Preto &#8211; Brasil. Congress International Association of Hydrogeologists, 33. Anais&#8230;IAH. Zacatecas, M\u00e9xico. Meio magn\u00e9tico.<\/p>\n<p>DIAS, C.L.; IRITANI, M.A.; GUILLAUMON, J.R.; CASSARINI, D.C.P.; OKANO, O.; FERREIRA, L.M.R.; FRISCH; H.; TR\u00d6GER, U.; SCHULER, G. 2004. Restri\u00e7\u00f5es de uso e ocupa\u00e7\u00e3o do solo em \u00e1reas de prote\u00e7\u00e3o de aq\u00fc\u00edferos: conceitos, legisla\u00e7\u00e3o e proposta de aplica\u00e7\u00e3o no estado de S\u00e3o Paulo. CONGRESSO BRASILEIRO DE \u00c1GUAS SUBTERR\u00c2NEAS, 13. Anais&#8230; Associa\u00e7\u00e3o Brasileira de \u00c1guas Subterr\u00e2neas. Cuiab\u00e1, Mato Grosso. Meio magn\u00e9tico.<\/p>\n<p>FERREIRA, L.M.; IRITANI, M.A.; PRESSINOTTI, M.M.N.; DIAS, C.L.; CASARINI, D.C.P.; SILLES, F.S. 2006. Avalia\u00e7\u00e3o Preliminar da ocorr\u00eancia de nitrato nas \u00e1guas subterr\u00e2neas no munic\u00edpio de Ribeir\u00e3o Preto, SP. In: ABAS, Congr. Bras. \u00c1guas Subterr\u00e2neas,14, Curitiba, Anais, 18 p. (CD-ROM).<\/p>\n","protected":false},"excerpt":{"rendered":"<p>O Termo de Coopera\u00e7\u00e3o T\u00e9cnica assinado entre a Secretaria do Meio Ambiente do Estado de S\u00e3o Paulo e a Secretaria de Meio Ambiente, Sa\u00fade P\u00fablica e Prote\u00e7\u00e3o ao Consumidor do Estado da Baviera (Alemanha) buscou a execu\u00e7\u00e3o de a\u00e7\u00f5es e projetos conjuntos, sendo que a concretiza\u00e7\u00e3o desta coopera\u00e7\u00e3o se deu na \u00e1rea de recursos h\u00eddricos subterr\u00e2neos, mais especificamente, no Aqu\u00edfero Guarani. Na Fase I desta coopera\u00e7\u00e3o t\u00e9cnica, ocorrida entre 1999 e 2001, foi promovida uma discuss\u00e3o entre diversos profissionais ligados \u00e0 \u00e1rea, sobre o estado atual de conhecimento do Aqu\u00edfero Guarani, resultando na elabora\u00e7\u00e3o da proposta de projeto conjunto entre a SMA\/SP e o StMLU\/Baviera. O projeto, denominado &#8220;Sistema Piloto de Informa\u00e7\u00e3o para o Gerenciamento Ambiental dos Recursos H\u00eddricos Subterr\u00e2neos na \u00c1rea de Afloramento do Sistema Aqu\u00edfero Guarani no Estado de S\u00e3o Paulo&#8221;, teve in\u00edcio em dezembro de 2001 e concretizou a Fase II da coopera\u00e7\u00e3o t\u00e9cnica. A \u00e1rea escolhida para o estudo foi o munic\u00edpio de Ribeir\u00e3o Preto devido a import\u00e2ncia da \u00e1gua subterr\u00e2nea para o abastecimento p\u00fablico. Como resultado deste projeto, foi desenvolvido um sistema piloto de informa\u00e7\u00e3o que re\u00fane os dados espaciais existentes nos diferentes setores\/\u00f3rg\u00e3os do sistema de meio ambiente para dar suporte \u00e0s atividades de prote\u00e7\u00e3o do Aq\u00fc\u00edfero Guarani. A an\u00e1lise das informa\u00e7\u00f5es obtidas permitiu tamb\u00e9m recomendar per\u00edmetros de prote\u00e7\u00e3o de po\u00e7os e do Aq\u00fc\u00edfero Guarani, assim como elaborar uma proposta de restri\u00e7\u00f5es de atividades a serem aplicadas a estas \u00e1reas de prote\u00e7\u00e3o. <a href=\"\/ps_downloads.asp#afloraguarani\">Clique aqui para ver os relat\u00f3rios <\/a><\/p>\n","protected":false},"author":1,"featured_media":0,"comment_status":"open","ping_status":"open","sticky":false,"template":"","format":"standard","meta":[],"categories":[1861,1880,1858,8],"tags":[],"_links":{"self":[{"href":"https:\/\/www.infraestruturameioambiente.sp.gov.br\/institutogeologico\/wp-json\/wp\/v2\/posts\/3075"}],"collection":[{"href":"https:\/\/www.infraestruturameioambiente.sp.gov.br\/institutogeologico\/wp-json\/wp\/v2\/posts"}],"about":[{"href":"https:\/\/www.infraestruturameioambiente.sp.gov.br\/institutogeologico\/wp-json\/wp\/v2\/types\/post"}],"author":[{"embeddable":true,"href":"https:\/\/www.infraestruturameioambiente.sp.gov.br\/institutogeologico\/wp-json\/wp\/v2\/users\/1"}],"replies":[{"embeddable":true,"href":"https:\/\/www.infraestruturameioambiente.sp.gov.br\/institutogeologico\/wp-json\/wp\/v2\/comments?post=3075"}],"version-history":[{"count":2,"href":"https:\/\/www.infraestruturameioambiente.sp.gov.br\/institutogeologico\/wp-json\/wp\/v2\/posts\/3075\/revisions"}],"predecessor-version":[{"id":8449,"href":"https:\/\/www.infraestruturameioambiente.sp.gov.br\/institutogeologico\/wp-json\/wp\/v2\/posts\/3075\/revisions\/8449"}],"wp:attachment":[{"href":"https:\/\/www.infraestruturameioambiente.sp.gov.br\/institutogeologico\/wp-json\/wp\/v2\/media?parent=3075"}],"wp:term":[{"taxonomy":"category","embeddable":true,"href":"https:\/\/www.infraestruturameioambiente.sp.gov.br\/institutogeologico\/wp-json\/wp\/v2\/categories?post=3075"},{"taxonomy":"post_tag","embeddable":true,"href":"https:\/\/www.infraestruturameioambiente.sp.gov.br\/institutogeologico\/wp-json\/wp\/v2\/tags?post=3075"}],"curies":[{"name":"wp","href":"https:\/\/api.w.org\/{rel}","templated":true}]}}