{"id":2382,"date":"1987-01-01T00:00:00","date_gmt":"1987-01-01T02:00:00","guid":{"rendered":"https:\/\/www.infraestruturameioambiente.sp.gov.br\/institutogeologico\/producao-cientifica\/dantas-a-s-l-gimenez-filho-a-nagata-n-fernandes-l-a-teixeira-a-l-frasca-m-h-b-de\/"},"modified":"1987-01-01T00:00:00","modified_gmt":"1987-01-01T02:00:00","slug":"dantas-a-s-l-gimenez-filho-a-nagata-n-fernandes-l-a-teixeira-a-l-frasca-m-h-b-de","status":"publish","type":"post","link":"https:\/\/www.infraestruturameioambiente.sp.gov.br\/institutogeologico\/1987\/01\/dantas-a-s-l-gimenez-filho-a-nagata-n-fernandes-l-a-teixeira-a-l-frasca-m-h-b-de\/","title":{"rendered":"DANTAS, A. S. L.; GIMENEZ FILHO, A.; NAGATA, N.; FERNANDES, L. A.; TEIXEIRA, A. L.; FRASC\u00c1, M. H. B. de."},"content":{"rendered":"<p><strong>Referencia:<\/strong> DANTAS, A. S. L.; GIMENEZ FILHO, A.; NAGATA, N.; FERNANDES, L. A.; TEIXEIRA, A. L.; FRASC\u00c1, M. H. B. de. 1987. Evolu\u00e7\u00e3o geol\u00f3gica e estrutural da Faixa Costeira nas regi\u00f5es de Juqui\u00e1 e Miracatu, sul do Estado de S\u00e3o Paulo. S\u00e3o Paulo. In: SIMP\u00d3SIO REGIONAL DE GEOLOLOGIA, 6. Rio Claro, 1987. Atas&#8230;Rio Claro, SBG\/NSP. v. 2, p. 173-189.<\/p>\n<p><strong>Palavra Chave:<\/strong> evolu\u00e7\u00e3o geol\u00f3gica, geologia estrutural, Faixa Costeira, Juqui\u00e1, Miracatu<\/p>\n<p><strong>Tipo:<\/strong> anais de eventos<\/p>\n<p><strong>Projeto:<\/strong> &#8211;<\/p>\n<p><strong>Programa:<\/strong> Levantamentos Geol\u00f3gicos<\/p>\n<p><strong>Restri\u00e7\u00e3o:<\/strong> sem restri\u00e7\u00e3o<\/p>\n","protected":false},"excerpt":{"rendered":"<p>Referencia: DANTAS, A. S. L.; GIMENEZ FILHO, A.; NAGATA, N.; FERNANDES, L. A.; TEIXEIRA, A. L.; FRASC\u00c1, M. H. B. de. 1987. Evolu\u00e7\u00e3o geol\u00f3gica e estrutural da Faixa Costeira nas regi\u00f5es de Juqui\u00e1 e Miracatu, sul do Estado de S\u00e3o Paulo. S\u00e3o Paulo. In: SIMP\u00d3SIO REGIONAL DE GEOLOLOGIA, 6. Rio Claro, 1987. Atas&#8230;Rio Claro, SBG\/NSP. [&hellip;]<\/p>\n","protected":false},"author":1,"featured_media":0,"comment_status":"open","ping_status":"open","sticky":false,"template":"","format":"standard","meta":[],"categories":[37],"tags":[1613,1614,503,1615,1616],"_links":{"self":[{"href":"https:\/\/www.infraestruturameioambiente.sp.gov.br\/institutogeologico\/wp-json\/wp\/v2\/posts\/2382"}],"collection":[{"href":"https:\/\/www.infraestruturameioambiente.sp.gov.br\/institutogeologico\/wp-json\/wp\/v2\/posts"}],"about":[{"href":"https:\/\/www.infraestruturameioambiente.sp.gov.br\/institutogeologico\/wp-json\/wp\/v2\/types\/post"}],"author":[{"embeddable":true,"href":"https:\/\/www.infraestruturameioambiente.sp.gov.br\/institutogeologico\/wp-json\/wp\/v2\/users\/1"}],"replies":[{"embeddable":true,"href":"https:\/\/www.infraestruturameioambiente.sp.gov.br\/institutogeologico\/wp-json\/wp\/v2\/comments?post=2382"}],"version-history":[{"count":0,"href":"https:\/\/www.infraestruturameioambiente.sp.gov.br\/institutogeologico\/wp-json\/wp\/v2\/posts\/2382\/revisions"}],"wp:attachment":[{"href":"https:\/\/www.infraestruturameioambiente.sp.gov.br\/institutogeologico\/wp-json\/wp\/v2\/media?parent=2382"}],"wp:term":[{"taxonomy":"category","embeddable":true,"href":"https:\/\/www.infraestruturameioambiente.sp.gov.br\/institutogeologico\/wp-json\/wp\/v2\/categories?post=2382"},{"taxonomy":"post_tag","embeddable":true,"href":"https:\/\/www.infraestruturameioambiente.sp.gov.br\/institutogeologico\/wp-json\/wp\/v2\/tags?post=2382"}],"curies":[{"name":"wp","href":"https:\/\/api.w.org\/{rel}","templated":true}]}}