{"id":1784,"date":"1979-01-01T00:00:00","date_gmt":"1979-01-01T03:00:00","guid":{"rendered":"https:\/\/www.infraestruturameioambiente.sp.gov.br\/institutogeologico\/producao-cientifica\/vieira-p-c\/"},"modified":"1979-01-01T00:00:00","modified_gmt":"1979-01-01T03:00:00","slug":"vieira-p-c","status":"publish","type":"post","link":"https:\/\/www.infraestruturameioambiente.sp.gov.br\/institutogeologico\/1979\/01\/vieira-p-c\/","title":{"rendered":"VIEIRA, P.C."},"content":{"rendered":"<p><strong>Referencia:<\/strong> VIEIRA, P.C. 1979. Contribui\u00e7\u00e3o ao estudo sedimentar da lama negra de Peru\u00edbe, SP. Avulso do Instituto Geol\u00f3gico, S\u00e3o Paulo, n. 4, 20 p.<\/p>\n<p><strong>Palavra Chave:<\/strong> sedimento, lama negra, Peru\u00edbe<\/p>\n<p><strong>Tipo:<\/strong> outros<\/p>\n<p><strong>Projeto:<\/strong> &#8211;<\/p>\n<p><strong>Programa:<\/strong> Levantamentos Paleontol\u00f3gicos<\/p>\n<p><strong>Restri\u00e7\u00e3o:<\/strong> sem restri\u00e7\u00e3o<\/p>\n","protected":false},"excerpt":{"rendered":"<p>Referencia: VIEIRA, P.C. 1979. Contribui\u00e7\u00e3o ao estudo sedimentar da lama negra de Peru\u00edbe, SP. Avulso do Instituto Geol\u00f3gico, S\u00e3o Paulo, n. 4, 20 p. Palavra Chave: sedimento, lama negra, Peru\u00edbe Tipo: outros Projeto: &#8211; Programa: Levantamentos Paleontol\u00f3gicos Restri\u00e7\u00e3o: sem restri\u00e7\u00e3o<\/p>\n","protected":false},"author":1,"featured_media":0,"comment_status":"open","ping_status":"open","sticky":false,"template":"","format":"standard","meta":[],"categories":[37],"tags":[947,948,946],"_links":{"self":[{"href":"https:\/\/www.infraestruturameioambiente.sp.gov.br\/institutogeologico\/wp-json\/wp\/v2\/posts\/1784"}],"collection":[{"href":"https:\/\/www.infraestruturameioambiente.sp.gov.br\/institutogeologico\/wp-json\/wp\/v2\/posts"}],"about":[{"href":"https:\/\/www.infraestruturameioambiente.sp.gov.br\/institutogeologico\/wp-json\/wp\/v2\/types\/post"}],"author":[{"embeddable":true,"href":"https:\/\/www.infraestruturameioambiente.sp.gov.br\/institutogeologico\/wp-json\/wp\/v2\/users\/1"}],"replies":[{"embeddable":true,"href":"https:\/\/www.infraestruturameioambiente.sp.gov.br\/institutogeologico\/wp-json\/wp\/v2\/comments?post=1784"}],"version-history":[{"count":0,"href":"https:\/\/www.infraestruturameioambiente.sp.gov.br\/institutogeologico\/wp-json\/wp\/v2\/posts\/1784\/revisions"}],"wp:attachment":[{"href":"https:\/\/www.infraestruturameioambiente.sp.gov.br\/institutogeologico\/wp-json\/wp\/v2\/media?parent=1784"}],"wp:term":[{"taxonomy":"category","embeddable":true,"href":"https:\/\/www.infraestruturameioambiente.sp.gov.br\/institutogeologico\/wp-json\/wp\/v2\/categories?post=1784"},{"taxonomy":"post_tag","embeddable":true,"href":"https:\/\/www.infraestruturameioambiente.sp.gov.br\/institutogeologico\/wp-json\/wp\/v2\/tags?post=1784"}],"curies":[{"name":"wp","href":"https:\/\/api.w.org\/{rel}","templated":true}]}}