{"id":1714,"date":"2009-01-01T00:00:00","date_gmt":"2009-01-01T02:00:00","guid":{"rendered":"https:\/\/www.infraestruturameioambiente.sp.gov.br\/institutogeologico\/producao-cientifica\/tominaga-l-k-santoro-j-amaral-r-organizacao\/"},"modified":"2009-01-01T00:00:00","modified_gmt":"2009-01-01T02:00:00","slug":"tominaga-l-k-santoro-j-amaral-r-organizacao","status":"publish","type":"post","link":"https:\/\/www.infraestruturameioambiente.sp.gov.br\/institutogeologico\/2009\/01\/tominaga-l-k-santoro-j-amaral-r-organizacao\/","title":{"rendered":"TOMINAGA, L.K.; SANTORO, J.; AMARAL, R. (organiza\u00e7\u00e3o)."},"content":{"rendered":"<p><strong>Referencia:<\/strong> TOMINAGA, L.K.; SANTORO, J.; AMARAL, R. (organiza\u00e7\u00e3o). 2009. Desastres Naturais: Conhecer para Prevenir. S\u00e3o Paulo: Instituto Geol\u00f3gico, 2009. 160 p. : il. color. ; 24 cm. ISBN 978-85-87235-09-1<\/p>\n<p><strong>Palavra Chave:<\/strong> Desastres naturais; Preven\u00e7\u00e3o de desastres; Gerenciamento de risco<\/p>\n<p><strong>Tipo:<\/strong> livro<\/p>\n<p><strong>Projeto:<\/strong> _<\/p>\n<p><strong>Programa:<\/strong> Geotecnia e Meio Ambiente<\/p>\n<p><strong>Restri\u00e7\u00e3o:<\/strong> sem restri\u00e7\u00e3o<\/p>\n","protected":false},"excerpt":{"rendered":"<p>Referencia: TOMINAGA, L.K.; SANTORO, J.; AMARAL, R. (organiza\u00e7\u00e3o). 2009. Desastres Naturais: Conhecer para Prevenir. S\u00e3o Paulo: Instituto Geol\u00f3gico, 2009. 160 p. : il. color. ; 24 cm. ISBN 978-85-87235-09-1 Palavra Chave: Desastres naturais; Preven\u00e7\u00e3o de desastres; Gerenciamento de risco Tipo: livro Projeto: _ Programa: Geotecnia e Meio Ambiente Restri\u00e7\u00e3o: sem restri\u00e7\u00e3o<\/p>\n","protected":false},"author":1,"featured_media":0,"comment_status":"open","ping_status":"open","sticky":false,"template":"","format":"standard","meta":[],"categories":[37],"tags":[815],"_links":{"self":[{"href":"https:\/\/www.infraestruturameioambiente.sp.gov.br\/institutogeologico\/wp-json\/wp\/v2\/posts\/1714"}],"collection":[{"href":"https:\/\/www.infraestruturameioambiente.sp.gov.br\/institutogeologico\/wp-json\/wp\/v2\/posts"}],"about":[{"href":"https:\/\/www.infraestruturameioambiente.sp.gov.br\/institutogeologico\/wp-json\/wp\/v2\/types\/post"}],"author":[{"embeddable":true,"href":"https:\/\/www.infraestruturameioambiente.sp.gov.br\/institutogeologico\/wp-json\/wp\/v2\/users\/1"}],"replies":[{"embeddable":true,"href":"https:\/\/www.infraestruturameioambiente.sp.gov.br\/institutogeologico\/wp-json\/wp\/v2\/comments?post=1714"}],"version-history":[{"count":0,"href":"https:\/\/www.infraestruturameioambiente.sp.gov.br\/institutogeologico\/wp-json\/wp\/v2\/posts\/1714\/revisions"}],"wp:attachment":[{"href":"https:\/\/www.infraestruturameioambiente.sp.gov.br\/institutogeologico\/wp-json\/wp\/v2\/media?parent=1714"}],"wp:term":[{"taxonomy":"category","embeddable":true,"href":"https:\/\/www.infraestruturameioambiente.sp.gov.br\/institutogeologico\/wp-json\/wp\/v2\/categories?post=1714"},{"taxonomy":"post_tag","embeddable":true,"href":"https:\/\/www.infraestruturameioambiente.sp.gov.br\/institutogeologico\/wp-json\/wp\/v2\/tags?post=1714"}],"curies":[{"name":"wp","href":"https:\/\/api.w.org\/{rel}","templated":true}]}}