{"id":1645,"date":"2009-01-01T00:00:00","date_gmt":"2009-01-01T02:00:00","guid":{"rendered":"https:\/\/www.infraestruturameioambiente.sp.gov.br\/institutogeologico\/producao-cientifica\/lindenberg-m-f-targa-m-s-diniz-h-n-dias-n-w-reis-b-j\/"},"modified":"2009-01-01T00:00:00","modified_gmt":"2009-01-01T02:00:00","slug":"lindenberg-m-f-targa-m-s-diniz-h-n-dias-n-w-reis-b-j","status":"publish","type":"post","link":"https:\/\/www.infraestruturameioambiente.sp.gov.br\/institutogeologico\/2009\/01\/lindenberg-m-f-targa-m-s-diniz-h-n-dias-n-w-reis-b-j\/","title":{"rendered":"LINDENBERG, M.F.; TARGA, M.S.; DINIZ, H.N.; DIAS, N.W.; REIS, B.J."},"content":{"rendered":"<p><strong>Referencia:<\/strong> LINDENBERG, M.F.; TARGA, M.S.; DINIZ, H.N.; DIAS, N.W.; REIS, B.J. 2009. Proposta de um \u00edndice de Sustentabilidade para subsidiar pol\u00edticas p\u00fablicas de desenvolvimento sustent\u00e1vel no munic\u00edpio de Trememb\u00e9 em rela\u00e7\u00e3o \u00e0 extra\u00e7\u00e3o de areia por cavas. In: PPGCA_UNITAU, SEMIN\u00c1RIO DE RECURSOS H\u00cdDRICOS DA BACIA HIDROGR\u00c1FICA DO PARA\u00cdBA DO SUL, 2, Taubat\u00e9, Anais, 1: 703-709.<\/p>\n<p><strong>Palavra Chave:<\/strong> sustentabilidade, minera\u00e7\u00e3o de areia, vale do Para\u00edba, \u00edndices, monitoramento.<\/p>\n<p><strong>Tipo:<\/strong> anais de eventos<\/p>\n<p><strong>Projeto:<\/strong> _<\/p>\n<p><strong>Programa:<\/strong> Recursos H\u00eddricos Subterr\u00e2neos e Meio Ambiente<\/p>\n<p><strong>Restri\u00e7\u00e3o:<\/strong> sem restri\u00e7\u00e3o<\/p>\n","protected":false},"excerpt":{"rendered":"<p>Referencia: LINDENBERG, M.F.; TARGA, M.S.; DINIZ, H.N.; DIAS, N.W.; REIS, B.J. 2009. Proposta de um \u00edndice de Sustentabilidade para subsidiar pol\u00edticas p\u00fablicas de desenvolvimento sustent\u00e1vel no munic\u00edpio de Trememb\u00e9 em rela\u00e7\u00e3o \u00e0 extra\u00e7\u00e3o de areia por cavas. In: PPGCA_UNITAU, SEMIN\u00c1RIO DE RECURSOS H\u00cdDRICOS DA BACIA HIDROGR\u00c1FICA DO PARA\u00cdBA DO SUL, 2, Taubat\u00e9, Anais, 1: 703-709. [&hellip;]<\/p>\n","protected":false},"author":1,"featured_media":0,"comment_status":"open","ping_status":"open","sticky":false,"template":"","format":"standard","meta":[],"categories":[37],"tags":[750,748,751,747,749],"_links":{"self":[{"href":"https:\/\/www.infraestruturameioambiente.sp.gov.br\/institutogeologico\/wp-json\/wp\/v2\/posts\/1645"}],"collection":[{"href":"https:\/\/www.infraestruturameioambiente.sp.gov.br\/institutogeologico\/wp-json\/wp\/v2\/posts"}],"about":[{"href":"https:\/\/www.infraestruturameioambiente.sp.gov.br\/institutogeologico\/wp-json\/wp\/v2\/types\/post"}],"author":[{"embeddable":true,"href":"https:\/\/www.infraestruturameioambiente.sp.gov.br\/institutogeologico\/wp-json\/wp\/v2\/users\/1"}],"replies":[{"embeddable":true,"href":"https:\/\/www.infraestruturameioambiente.sp.gov.br\/institutogeologico\/wp-json\/wp\/v2\/comments?post=1645"}],"version-history":[{"count":0,"href":"https:\/\/www.infraestruturameioambiente.sp.gov.br\/institutogeologico\/wp-json\/wp\/v2\/posts\/1645\/revisions"}],"wp:attachment":[{"href":"https:\/\/www.infraestruturameioambiente.sp.gov.br\/institutogeologico\/wp-json\/wp\/v2\/media?parent=1645"}],"wp:term":[{"taxonomy":"category","embeddable":true,"href":"https:\/\/www.infraestruturameioambiente.sp.gov.br\/institutogeologico\/wp-json\/wp\/v2\/categories?post=1645"},{"taxonomy":"post_tag","embeddable":true,"href":"https:\/\/www.infraestruturameioambiente.sp.gov.br\/institutogeologico\/wp-json\/wp\/v2\/tags?post=1645"}],"curies":[{"name":"wp","href":"https:\/\/api.w.org\/{rel}","templated":true}]}}