{"id":1560,"date":"2008-01-01T00:00:00","date_gmt":"2008-01-01T02:00:00","guid":{"rendered":"https:\/\/www.infraestruturameioambiente.sp.gov.br\/institutogeologico\/producao-cientifica\/oda-g-h-varnier-c-ezaki-s-iritani-m-a\/"},"modified":"2008-01-01T00:00:00","modified_gmt":"2008-01-01T02:00:00","slug":"oda-g-h-varnier-c-ezaki-s-iritani-m-a","status":"publish","type":"post","link":"https:\/\/www.infraestruturameioambiente.sp.gov.br\/institutogeologico\/2008\/01\/oda-g-h-varnier-c-ezaki-s-iritani-m-a\/","title":{"rendered":"ODA, G.H.; VARNIER, C.; EZAKI, S.; IRITANI, M.A. ("},"content":{"rendered":"<p><strong>Referencia:<\/strong> ODA, G.H.; VARNIER, C.; EZAKI, S.; IRITANI, M.A. (2008). \u00c1rea de prote\u00e7\u00e3o do Sistema Aq\u00fc\u00edfero Tubar\u00e3o no munic\u00edpio de Capivari (SP). In: ABAS, Congr. Bras. \u00c1guas Subterr\u00e2neas, 15, Natal, 2008. Anais (CD-ROM), 18p.<\/p>\n<p><strong>Palavra Chave:<\/strong> Prote\u00e7\u00e3o; Aqu\u00edfero Tubar\u00e3o; Capivari<\/p>\n<p><strong>Tipo:<\/strong> anais de eventos<\/p>\n<p><strong>Projeto:<\/strong> Identifica\u00e7\u00e3o de \u00c1reas Potenciais de Restri\u00e7\u00e3o e Controle de Capta\u00e7\u00e3o e Uso das \u00c1guas Subterr\u00e2neas na Por\u00e7\u00e3o Sul da UGHRI 05 \u0096 Projeto \u0093ARC-TUB1\u0094<\/p>\n<p><strong>Programa:<\/strong> Recursos H\u00eddricos Subterr\u00e2neos e Meio Ambiente<\/p>\n<p><strong>Restri\u00e7\u00e3o:<\/strong> sem restri\u00e7\u00e3o<\/p>\n","protected":false},"excerpt":{"rendered":"<p>Referencia: ODA, G.H.; VARNIER, C.; EZAKI, S.; IRITANI, M.A. (2008). \u00c1rea de prote\u00e7\u00e3o do Sistema Aq\u00fc\u00edfero Tubar\u00e3o no munic\u00edpio de Capivari (SP). In: ABAS, Congr. Bras. \u00c1guas Subterr\u00e2neas, 15, Natal, 2008. Anais (CD-ROM), 18p. Palavra Chave: Prote\u00e7\u00e3o; Aqu\u00edfero Tubar\u00e3o; Capivari Tipo: anais de eventos Projeto: Identifica\u00e7\u00e3o de \u00c1reas Potenciais de Restri\u00e7\u00e3o e Controle de Capta\u00e7\u00e3o [&hellip;]<\/p>\n","protected":false},"author":1,"featured_media":0,"comment_status":"open","ping_status":"open","sticky":false,"template":"","format":"standard","meta":[],"categories":[37],"tags":[636],"_links":{"self":[{"href":"https:\/\/www.infraestruturameioambiente.sp.gov.br\/institutogeologico\/wp-json\/wp\/v2\/posts\/1560"}],"collection":[{"href":"https:\/\/www.infraestruturameioambiente.sp.gov.br\/institutogeologico\/wp-json\/wp\/v2\/posts"}],"about":[{"href":"https:\/\/www.infraestruturameioambiente.sp.gov.br\/institutogeologico\/wp-json\/wp\/v2\/types\/post"}],"author":[{"embeddable":true,"href":"https:\/\/www.infraestruturameioambiente.sp.gov.br\/institutogeologico\/wp-json\/wp\/v2\/users\/1"}],"replies":[{"embeddable":true,"href":"https:\/\/www.infraestruturameioambiente.sp.gov.br\/institutogeologico\/wp-json\/wp\/v2\/comments?post=1560"}],"version-history":[{"count":0,"href":"https:\/\/www.infraestruturameioambiente.sp.gov.br\/institutogeologico\/wp-json\/wp\/v2\/posts\/1560\/revisions"}],"wp:attachment":[{"href":"https:\/\/www.infraestruturameioambiente.sp.gov.br\/institutogeologico\/wp-json\/wp\/v2\/media?parent=1560"}],"wp:term":[{"taxonomy":"category","embeddable":true,"href":"https:\/\/www.infraestruturameioambiente.sp.gov.br\/institutogeologico\/wp-json\/wp\/v2\/categories?post=1560"},{"taxonomy":"post_tag","embeddable":true,"href":"https:\/\/www.infraestruturameioambiente.sp.gov.br\/institutogeologico\/wp-json\/wp\/v2\/tags?post=1560"}],"curies":[{"name":"wp","href":"https:\/\/api.w.org\/{rel}","templated":true}]}}