{"id":1470,"date":"1979-01-01T00:00:00","date_gmt":"1979-01-01T03:00:00","guid":{"rendered":"https:\/\/www.infraestruturameioambiente.sp.gov.br\/institutogeologico\/producao-cientifica\/gonzales-filho-f-shimada-h-suslick-s-b-carvalho-w-s\/"},"modified":"1979-01-01T00:00:00","modified_gmt":"1979-01-01T03:00:00","slug":"gonzales-filho-f-shimada-h-suslick-s-b-carvalho-w-s","status":"publish","type":"post","link":"https:\/\/www.infraestruturameioambiente.sp.gov.br\/institutogeologico\/1979\/01\/gonzales-filho-f-shimada-h-suslick-s-b-carvalho-w-s\/","title":{"rendered":"GONZALES FILHO, F.; SHIMADA, H.; SUSLICK, S.B.; CARVALHO, W.S."},"content":{"rendered":"<p><strong>Referencia:<\/strong> GONZALES FILHO, F.; SHIMADA, H.; SUSLICK, S.B.; CARVALHO, W.S. 1979. Prospec\u00e7\u00e3o geoqu\u00edmica nas localidades de Vermelhos e Morro Preto, Munic\u00edpio de Ribeira, SP. In: SIMP\u00d3SIO REGIONAL DE GEOLOGIA, Rio Claro, Atas&#8230;, SBG, 1979, p. 2:157-168.<\/p>\n<p><strong>Palavra Chave:<\/strong> prospec\u00e7\u00e3o geoqu\u00edmica, Vale do Ribeira, Vermelhos, Morro Preto<\/p>\n<p><strong>Tipo:<\/strong> anais de eventos<\/p>\n<p><strong>Projeto:<\/strong> &#8211;<\/p>\n<p><strong>Programa:<\/strong> Recursos Minerais e Meio Ambiente<\/p>\n<p><strong>Restri\u00e7\u00e3o:<\/strong> sem restri\u00e7\u00e3o<\/p>\n","protected":false},"excerpt":{"rendered":"<p>Referencia: GONZALES FILHO, F.; SHIMADA, H.; SUSLICK, S.B.; CARVALHO, W.S. 1979. Prospec\u00e7\u00e3o geoqu\u00edmica nas localidades de Vermelhos e Morro Preto, Munic\u00edpio de Ribeira, SP. In: SIMP\u00d3SIO REGIONAL DE GEOLOGIA, Rio Claro, Atas&#8230;, SBG, 1979, p. 2:157-168. Palavra Chave: prospec\u00e7\u00e3o geoqu\u00edmica, Vale do Ribeira, Vermelhos, Morro Preto Tipo: anais de eventos Projeto: &#8211; Programa: Recursos Minerais [&hellip;]<\/p>\n","protected":false},"author":1,"featured_media":0,"comment_status":"open","ping_status":"open","sticky":false,"template":"","format":"standard","meta":[],"categories":[37],"tags":[483,481,286,482],"_links":{"self":[{"href":"https:\/\/www.infraestruturameioambiente.sp.gov.br\/institutogeologico\/wp-json\/wp\/v2\/posts\/1470"}],"collection":[{"href":"https:\/\/www.infraestruturameioambiente.sp.gov.br\/institutogeologico\/wp-json\/wp\/v2\/posts"}],"about":[{"href":"https:\/\/www.infraestruturameioambiente.sp.gov.br\/institutogeologico\/wp-json\/wp\/v2\/types\/post"}],"author":[{"embeddable":true,"href":"https:\/\/www.infraestruturameioambiente.sp.gov.br\/institutogeologico\/wp-json\/wp\/v2\/users\/1"}],"replies":[{"embeddable":true,"href":"https:\/\/www.infraestruturameioambiente.sp.gov.br\/institutogeologico\/wp-json\/wp\/v2\/comments?post=1470"}],"version-history":[{"count":0,"href":"https:\/\/www.infraestruturameioambiente.sp.gov.br\/institutogeologico\/wp-json\/wp\/v2\/posts\/1470\/revisions"}],"wp:attachment":[{"href":"https:\/\/www.infraestruturameioambiente.sp.gov.br\/institutogeologico\/wp-json\/wp\/v2\/media?parent=1470"}],"wp:term":[{"taxonomy":"category","embeddable":true,"href":"https:\/\/www.infraestruturameioambiente.sp.gov.br\/institutogeologico\/wp-json\/wp\/v2\/categories?post=1470"},{"taxonomy":"post_tag","embeddable":true,"href":"https:\/\/www.infraestruturameioambiente.sp.gov.br\/institutogeologico\/wp-json\/wp\/v2\/tags?post=1470"}],"curies":[{"name":"wp","href":"https:\/\/api.w.org\/{rel}","templated":true}]}}