{"id":1464,"date":"2009-01-01T00:00:00","date_gmt":"2009-01-01T02:00:00","guid":{"rendered":"https:\/\/www.infraestruturameioambiente.sp.gov.br\/institutogeologico\/producao-cientifica\/santoro-j-r-ribeiro-r-r\/"},"modified":"2009-01-01T00:00:00","modified_gmt":"2009-01-01T02:00:00","slug":"santoro-j-r-ribeiro-r-r","status":"publish","type":"post","link":"https:\/\/www.infraestruturameioambiente.sp.gov.br\/institutogeologico\/2009\/01\/santoro-j-r-ribeiro-r-r\/","title":{"rendered":"SANTORO, J.R.; RIBEIRO. R.R."},"content":{"rendered":"<p><strong>Referencia:<\/strong> SANTORO, J.R.; RIBEIRO. R.R. 2009. Trag\u00e9dia clim\u00e1tica en Santa Catarina. Revista Control de Erosion En Iberoamerica, Buenos Aires, ano 4, v. 06. p. 04-09.<\/p>\n<p><strong>Palavra Chave:<\/strong> trag\u00e9dia clim\u00e1tica, Santa Catarina<\/p>\n<p><strong>Tipo:<\/strong> revista<\/p>\n<p><strong>Projeto:<\/strong> _<\/p>\n<p><strong>Programa:<\/strong> Geotecnia e Meio Ambiente<\/p>\n<p><strong>Restri\u00e7\u00e3o:<\/strong> sem restri\u00e7\u00e3o<\/p>\n","protected":false},"excerpt":{"rendered":"<p>Referencia: SANTORO, J.R.; RIBEIRO. R.R. 2009. Trag\u00e9dia clim\u00e1tica en Santa Catarina. Revista Control de Erosion En Iberoamerica, Buenos Aires, ano 4, v. 06. p. 04-09. Palavra Chave: trag\u00e9dia clim\u00e1tica, Santa Catarina Tipo: revista Projeto: _ Programa: Geotecnia e Meio Ambiente Restri\u00e7\u00e3o: sem restri\u00e7\u00e3o<\/p>\n","protected":false},"author":1,"featured_media":0,"comment_status":"open","ping_status":"open","sticky":false,"template":"","format":"standard","meta":[],"categories":[37],"tags":[472,471],"_links":{"self":[{"href":"https:\/\/www.infraestruturameioambiente.sp.gov.br\/institutogeologico\/wp-json\/wp\/v2\/posts\/1464"}],"collection":[{"href":"https:\/\/www.infraestruturameioambiente.sp.gov.br\/institutogeologico\/wp-json\/wp\/v2\/posts"}],"about":[{"href":"https:\/\/www.infraestruturameioambiente.sp.gov.br\/institutogeologico\/wp-json\/wp\/v2\/types\/post"}],"author":[{"embeddable":true,"href":"https:\/\/www.infraestruturameioambiente.sp.gov.br\/institutogeologico\/wp-json\/wp\/v2\/users\/1"}],"replies":[{"embeddable":true,"href":"https:\/\/www.infraestruturameioambiente.sp.gov.br\/institutogeologico\/wp-json\/wp\/v2\/comments?post=1464"}],"version-history":[{"count":0,"href":"https:\/\/www.infraestruturameioambiente.sp.gov.br\/institutogeologico\/wp-json\/wp\/v2\/posts\/1464\/revisions"}],"wp:attachment":[{"href":"https:\/\/www.infraestruturameioambiente.sp.gov.br\/institutogeologico\/wp-json\/wp\/v2\/media?parent=1464"}],"wp:term":[{"taxonomy":"category","embeddable":true,"href":"https:\/\/www.infraestruturameioambiente.sp.gov.br\/institutogeologico\/wp-json\/wp\/v2\/categories?post=1464"},{"taxonomy":"post_tag","embeddable":true,"href":"https:\/\/www.infraestruturameioambiente.sp.gov.br\/institutogeologico\/wp-json\/wp\/v2\/tags?post=1464"}],"curies":[{"name":"wp","href":"https:\/\/api.w.org\/{rel}","templated":true}]}}