{"id":1434,"date":"2008-01-01T00:00:00","date_gmt":"2008-01-01T02:00:00","guid":{"rendered":"https:\/\/www.infraestruturameioambiente.sp.gov.br\/institutogeologico\/producao-cientifica\/iritani-m-a-ezaki-s-as-aguas-subterraneas-do-estado-de-sao-paulo-cadernos-de-educacao-ambiental-sao-paulo-secretaria-de-estado-do-meio-ambiente-%c2%96-sma\/"},"modified":"2008-01-01T00:00:00","modified_gmt":"2008-01-01T02:00:00","slug":"iritani-m-a-ezaki-s-as-aguas-subterraneas-do-estado-de-sao-paulo-cadernos-de-educacao-ambiental-sao-paulo-secretaria-de-estado-do-meio-ambiente-%c2%96-sma","status":"publish","type":"post","link":"https:\/\/www.infraestruturameioambiente.sp.gov.br\/institutogeologico\/2008\/01\/iritani-m-a-ezaki-s-as-aguas-subterraneas-do-estado-de-sao-paulo-cadernos-de-educacao-ambiental-sao-paulo-secretaria-de-estado-do-meio-ambiente-%c2%96-sma\/","title":{"rendered":"IRITANI, M.A.; EZAKI, S. As \u00c1guas Subterr\u00e2neas do Estado de S\u00e3o Paulo. Cadernos de Educa\u00e7\u00e3o Ambiental. S\u00e3o Paulo, Secretaria de Estado do Meio Ambiente \u0096 SMA,"},"content":{"rendered":"<p><strong>Referencia:<\/strong> IRITANI, M.A.; EZAKI, S. As \u00c1guas Subterr\u00e2neas do Estado de S\u00e3o Paulo. Cadernos de Educa\u00e7\u00e3o Ambiental. S\u00e3o Paulo, Secretaria de Estado do Meio Ambiente \u0096 SMA, 2008. 104p. ISBN 978.85.86624.56.8.<\/p>\n<p><strong>Palavra Chave:<\/strong> \u00c1gua Subterr\u00e2nea; Aqu\u00edferos; S\u00e3o Paulo<\/p>\n<p><strong>Tipo:<\/strong> livro<\/p>\n<p><strong>Projeto:<\/strong> _<\/p>\n<p><strong>Programa:<\/strong> Recursos H\u00eddricos Subterr\u00e2neos e Meio Ambiente<\/p>\n<p><strong>Restri\u00e7\u00e3o:<\/strong> sem restri\u00e7\u00e3o<\/p>\n","protected":false},"excerpt":{"rendered":"<p>Referencia: IRITANI, M.A.; EZAKI, S. As \u00c1guas Subterr\u00e2neas do Estado de S\u00e3o Paulo. Cadernos de Educa\u00e7\u00e3o Ambiental. S\u00e3o Paulo, Secretaria de Estado do Meio Ambiente \u0096 SMA, 2008. 104p. ISBN 978.85.86624.56.8. Palavra Chave: \u00c1gua Subterr\u00e2nea; Aqu\u00edferos; S\u00e3o Paulo Tipo: livro Projeto: _ Programa: Recursos H\u00eddricos Subterr\u00e2neos e Meio Ambiente Restri\u00e7\u00e3o: sem restri\u00e7\u00e3o<\/p>\n","protected":false},"author":1,"featured_media":0,"comment_status":"open","ping_status":"open","sticky":false,"template":"","format":"standard","meta":[],"categories":[37],"tags":[398],"_links":{"self":[{"href":"https:\/\/www.infraestruturameioambiente.sp.gov.br\/institutogeologico\/wp-json\/wp\/v2\/posts\/1434"}],"collection":[{"href":"https:\/\/www.infraestruturameioambiente.sp.gov.br\/institutogeologico\/wp-json\/wp\/v2\/posts"}],"about":[{"href":"https:\/\/www.infraestruturameioambiente.sp.gov.br\/institutogeologico\/wp-json\/wp\/v2\/types\/post"}],"author":[{"embeddable":true,"href":"https:\/\/www.infraestruturameioambiente.sp.gov.br\/institutogeologico\/wp-json\/wp\/v2\/users\/1"}],"replies":[{"embeddable":true,"href":"https:\/\/www.infraestruturameioambiente.sp.gov.br\/institutogeologico\/wp-json\/wp\/v2\/comments?post=1434"}],"version-history":[{"count":0,"href":"https:\/\/www.infraestruturameioambiente.sp.gov.br\/institutogeologico\/wp-json\/wp\/v2\/posts\/1434\/revisions"}],"wp:attachment":[{"href":"https:\/\/www.infraestruturameioambiente.sp.gov.br\/institutogeologico\/wp-json\/wp\/v2\/media?parent=1434"}],"wp:term":[{"taxonomy":"category","embeddable":true,"href":"https:\/\/www.infraestruturameioambiente.sp.gov.br\/institutogeologico\/wp-json\/wp\/v2\/categories?post=1434"},{"taxonomy":"post_tag","embeddable":true,"href":"https:\/\/www.infraestruturameioambiente.sp.gov.br\/institutogeologico\/wp-json\/wp\/v2\/tags?post=1434"}],"curies":[{"name":"wp","href":"https:\/\/api.w.org\/{rel}","templated":true}]}}