{"id":1422,"date":"2012-03-29T00:00:00","date_gmt":"2012-03-29T03:00:00","guid":{"rendered":"https:\/\/www.infraestruturameioambiente.sp.gov.br\/institutogeologico\/producao-cientifica\/amaral-r-gutjahr-m-r-desastres-naturais-sao-paulo-igsma-numero-dos-volumes-1-100-paginas\/"},"modified":"2013-04-17T16:23:36","modified_gmt":"2013-04-17T19:23:36","slug":"amaral-r-gutjahr-m-r-desastres-naturais-sao-paulo-igsma-numero-dos-volumes-1-100-paginas","status":"publish","type":"post","link":"https:\/\/www.infraestruturameioambiente.sp.gov.br\/institutogeologico\/2012\/03\/amaral-r-gutjahr-m-r-desastres-naturais-sao-paulo-igsma-numero-dos-volumes-1-100-paginas\/","title":{"rendered":"AMARAL. R, GUTJAHR, M.R.; Desastres Naturais; S\u00e3o Paulo; IG\/SMA, N\u00famero do(s) volume(s): 1; 100 paginas"},"content":{"rendered":"<p><strong>Referencia:<\/strong> AMARAL. R, GUTJAHR, M.R.; Desastres Naturais; S\u00e3o Paulo; IG\/SMA, N\u00famero do(s) volume(s): 1; 100 paginas<\/p>\n<p><strong>Palavra Chave:<\/strong> Desastres Naturais; Clima; Preven\u00e7\u00e3o<\/p>\n<p><strong>Tipo:<\/strong> cap\u00edtulo de livro<\/p>\n<p><strong>Projeto:<\/strong> _<\/p>\n<p><strong>Programa:<\/strong> Climatologia e Meio Ambiente<\/p>\n<p><strong>Restri\u00e7\u00e3o:<\/strong> sem restri\u00e7\u00e3o<\/p>\n","protected":false},"excerpt":{"rendered":"<p>Referencia: AMARAL. R, GUTJAHR, M.R.; Desastres Naturais; S\u00e3o Paulo; IG\/SMA, N\u00famero do(s) volume(s): 1; 100 paginas Palavra Chave: Desastres Naturais; Clima; Preven\u00e7\u00e3o Tipo: cap\u00edtulo de livro Projeto: _ Programa: Climatologia e Meio Ambiente Restri\u00e7\u00e3o: sem restri\u00e7\u00e3o<\/p>\n","protected":false},"author":1,"featured_media":0,"comment_status":"open","ping_status":"open","sticky":false,"template":"","format":"standard","meta":[],"categories":[1878,1877,37],"tags":[369],"_links":{"self":[{"href":"https:\/\/www.infraestruturameioambiente.sp.gov.br\/institutogeologico\/wp-json\/wp\/v2\/posts\/1422"}],"collection":[{"href":"https:\/\/www.infraestruturameioambiente.sp.gov.br\/institutogeologico\/wp-json\/wp\/v2\/posts"}],"about":[{"href":"https:\/\/www.infraestruturameioambiente.sp.gov.br\/institutogeologico\/wp-json\/wp\/v2\/types\/post"}],"author":[{"embeddable":true,"href":"https:\/\/www.infraestruturameioambiente.sp.gov.br\/institutogeologico\/wp-json\/wp\/v2\/users\/1"}],"replies":[{"embeddable":true,"href":"https:\/\/www.infraestruturameioambiente.sp.gov.br\/institutogeologico\/wp-json\/wp\/v2\/comments?post=1422"}],"version-history":[{"count":1,"href":"https:\/\/www.infraestruturameioambiente.sp.gov.br\/institutogeologico\/wp-json\/wp\/v2\/posts\/1422\/revisions"}],"predecessor-version":[{"id":8568,"href":"https:\/\/www.infraestruturameioambiente.sp.gov.br\/institutogeologico\/wp-json\/wp\/v2\/posts\/1422\/revisions\/8568"}],"wp:attachment":[{"href":"https:\/\/www.infraestruturameioambiente.sp.gov.br\/institutogeologico\/wp-json\/wp\/v2\/media?parent=1422"}],"wp:term":[{"taxonomy":"category","embeddable":true,"href":"https:\/\/www.infraestruturameioambiente.sp.gov.br\/institutogeologico\/wp-json\/wp\/v2\/categories?post=1422"},{"taxonomy":"post_tag","embeddable":true,"href":"https:\/\/www.infraestruturameioambiente.sp.gov.br\/institutogeologico\/wp-json\/wp\/v2\/tags?post=1422"}],"curies":[{"name":"wp","href":"https:\/\/api.w.org\/{rel}","templated":true}]}}