{"id":1418,"date":"2008-01-01T00:00:00","date_gmt":"2008-01-01T02:00:00","guid":{"rendered":"https:\/\/www.infraestruturameioambiente.sp.gov.br\/institutogeologico\/producao-cientifica\/perez-aguilar-a-petri-s-hypolito-r-ezaki-s-juliani-c-monteiro-l-moschini-f-a-superficies-estriadas-no-embasamento-granitico-e-vestigio-de-pavimento-de-clastos-neopaleo"},"modified":"2008-01-01T00:00:00","modified_gmt":"2008-01-01T02:00:00","slug":"perez-aguilar-a-petri-s-hypolito-r-ezaki-s-juliani-c-monteiro-l-moschini-f-a-superficies-estriadas-no-embasamento-granitico-e-vestigio-de-pavimento-de-clastos-neopaleozoicos-na-reg","status":"publish","type":"post","link":"https:\/\/www.infraestruturameioambiente.sp.gov.br\/institutogeologico\/2008\/01\/perez-aguilar-a-petri-s-hypolito-r-ezaki-s-juliani-c-monteiro-l-moschini-f-a-superficies-estriadas-no-embasamento-granitico-e-vestigio-de-pavimento-de-clastos-neopaleozoicos-na-reg\/","title":{"rendered":"P\u00c9REZ-AGUILAR, A.; PETRI, S.; HYPOLITO, R.; EZAKI, S.; JULIANI, C.; MONTEIRO, L.; MOSCHINI, F.A. Superf\u00edcies Estriadas no Embasamento Gran\u00edtico e Vest\u00edgio de Pavimento de Clastos Neopaleoz\u00f3icos na Regi\u00e3o de Salto, SP. In: 44\u00ba Congr. Bras. Geologia, Curitiba,"},"content":{"rendered":"<p><strong>Referencia:<\/strong> P\u00c9REZ-AGUILAR, A.; PETRI, S.; HYPOLITO, R.; EZAKI, S.; JULIANI, C.; MONTEIRO, L.; MOSCHINI, F.A. Superf\u00edcies Estriadas no Embasamento Gran\u00edtico e Vest\u00edgio de Pavimento de Clastos Neopaleoz\u00f3icos na Regi\u00e3o de Salto, SP. In: 44\u00ba Congr. Bras. Geologia, Curitiba, 2008. Anais . Curitiba, SBG, p.<\/p>\n<p><strong>Palavra Chave:<\/strong> superf\u00edcie estriada; Salto<\/p>\n<p><strong>Tipo:<\/strong> anais de eventos<\/p>\n<p><strong>Projeto:<\/strong> Hidrogeoqu\u00edmica dos Aqu\u00edferos Tubar\u00e3o, Cristalino e do Manto  de Intemperismo na Regi\u00e3o de Salto e Indaiatuba (SP)<\/p>\n<p><strong>Programa:<\/strong> Recursos H\u00eddricos Subterr\u00e2neos e Meio Ambiente, Levantamentos Geol\u00f3gicos<\/p>\n<p><strong>Restri\u00e7\u00e3o:<\/strong> sem restri\u00e7\u00e3o<\/p>\n","protected":false},"excerpt":{"rendered":"<p>Referencia: P\u00c9REZ-AGUILAR, A.; PETRI, S.; HYPOLITO, R.; EZAKI, S.; JULIANI, C.; MONTEIRO, L.; MOSCHINI, F.A. Superf\u00edcies Estriadas no Embasamento Gran\u00edtico e Vest\u00edgio de Pavimento de Clastos Neopaleoz\u00f3icos na Regi\u00e3o de Salto, SP. In: 44\u00ba Congr. Bras. Geologia, Curitiba, 2008. Anais . Curitiba, SBG, p. Palavra Chave: superf\u00edcie estriada; Salto Tipo: anais de eventos Projeto: Hidrogeoqu\u00edmica [&hellip;]<\/p>\n","protected":false},"author":1,"featured_media":0,"comment_status":"open","ping_status":"open","sticky":false,"template":"","format":"standard","meta":[],"categories":[37],"tags":[364],"_links":{"self":[{"href":"https:\/\/www.infraestruturameioambiente.sp.gov.br\/institutogeologico\/wp-json\/wp\/v2\/posts\/1418"}],"collection":[{"href":"https:\/\/www.infraestruturameioambiente.sp.gov.br\/institutogeologico\/wp-json\/wp\/v2\/posts"}],"about":[{"href":"https:\/\/www.infraestruturameioambiente.sp.gov.br\/institutogeologico\/wp-json\/wp\/v2\/types\/post"}],"author":[{"embeddable":true,"href":"https:\/\/www.infraestruturameioambiente.sp.gov.br\/institutogeologico\/wp-json\/wp\/v2\/users\/1"}],"replies":[{"embeddable":true,"href":"https:\/\/www.infraestruturameioambiente.sp.gov.br\/institutogeologico\/wp-json\/wp\/v2\/comments?post=1418"}],"version-history":[{"count":0,"href":"https:\/\/www.infraestruturameioambiente.sp.gov.br\/institutogeologico\/wp-json\/wp\/v2\/posts\/1418\/revisions"}],"wp:attachment":[{"href":"https:\/\/www.infraestruturameioambiente.sp.gov.br\/institutogeologico\/wp-json\/wp\/v2\/media?parent=1418"}],"wp:term":[{"taxonomy":"category","embeddable":true,"href":"https:\/\/www.infraestruturameioambiente.sp.gov.br\/institutogeologico\/wp-json\/wp\/v2\/categories?post=1418"},{"taxonomy":"post_tag","embeddable":true,"href":"https:\/\/www.infraestruturameioambiente.sp.gov.br\/institutogeologico\/wp-json\/wp\/v2\/tags?post=1418"}],"curies":[{"name":"wp","href":"https:\/\/api.w.org\/{rel}","templated":true}]}}