{"id":13878,"date":"2021-10-21T11:03:54","date_gmt":"2021-10-21T14:03:54","guid":{"rendered":"https:\/\/www.infraestruturameioambiente.sp.gov.br\/institutogeologico\/?p=13878"},"modified":"2021-10-21T11:06:37","modified_gmt":"2021-10-21T14:06:37","slug":"horto-de-tupi-retoma-atividades-presenciais-com-observacao-de-aves","status":"publish","type":"post","link":"https:\/\/www.infraestruturameioambiente.sp.gov.br\/institutogeologico\/2021\/10\/horto-de-tupi-retoma-atividades-presenciais-com-observacao-de-aves\/","title":{"rendered":"Horto de Tupi retoma atividades presenciais com observa\u00e7\u00e3o de aves"},"content":{"rendered":"<p style=\"text-align: justify\">No dia 17 de outubro, domingo, \u00e0s 7h30min a Esta\u00e7\u00e3o Experimental de Tupi (conhecida como Horto de Tupi) retomou suas atividades educativas presenciais ap\u00f3s o per\u00edodo de restri\u00e7\u00f5es referentes \u00e0 pandemia da COVID-19.<\/p>\n<p style=\"text-align: justify\">Nesse dia, ocorreu, no \u00e2mbito do programa \u201cVem pro Horto\u201d, a atividade \u201cObservando as aves no Horto de Tupi\u201d, a qual foi realizada pelo bi\u00f3logo e guia de observa\u00e7\u00e3o de aves Valdir Felipe, pela Secretaria Municipal de Defesa do Meio Ambiente de Piracicaba (SEDEMA), Instituto de Pesquisas Ambientais, Funda\u00e7\u00e3o Florestal, \u00a0Laborat\u00f3rio de Educa\u00e7\u00e3o e Pol\u00edtica Ambiental \u2013 OCA\/ESALQ\/USP e Grupo de Estudos e Observa\u00e7\u00e3o de Piracicaba \u2013 GEOP. As inscri\u00e7\u00f5es foram realizadas previamente e limitaram-se a 20 participantes, os quais foram orientados a utilizar m\u00e1scaras durante toda a atividade.<\/p>\n<p style=\"text-align: justify\">Foram avistadas 58 esp\u00e9cies de aves, como a sa\u00edra ferrugem, a peitica, o gavi\u00e3o-belo, o pitiguari, a mariquita, o pula-pula, o sabia-barranco, o garibaldi, entre outros. Foi observada inclusive uma ave rara na regi\u00e3o, o falc\u00e3o-rel\u00f3gio. A lista completa das esp\u00e9cies observadas nesse dia est\u00e1 dispon\u00edvel no seguinte link: <a href=\"https:\/\/ebird.org\/checklist\/S96271140\">https:\/\/ebird.org\/checklist\/S96271140<\/a><\/p>\n<p style=\"text-align: justify\">A especialista ambiental do Instituto de Pesquisas Ambientais do Estado de S\u00e3o Paulo, que acompanhou o grupo, comentou: \u201cFoi muito bom retomar as atividades presenciais com essa observa\u00e7\u00e3o de aves. Todos os participantes mostraram-se muito interessados em rela\u00e7\u00e3o \u00e0s aves e puderam conhecer mais sobre esses animais, t\u00e3o importantes no processo de regenera\u00e7\u00e3o natural que est\u00e1 em curso aqui no Horto\u201d.<\/p>\n<p style=\"text-align: justify\">O bi\u00f3logo Valdir Felipe tamb\u00e9m afirmou: \u201cA observa\u00e7\u00e3o de Aves est\u00e1 cada dia mais crescendo. As pessoas est\u00e3o percebendo que existem muitas esp\u00e9cies de aves diferentes, at\u00e9 mesmo dentro da cidade. E n\u00f3s piracicabanos somos privilegiados nessa parte, o munic\u00edpio conta com mais de 350 esp\u00e9cies diferentes de aves\u201d.<\/p>\n<p><img decoding=\"async\" loading=\"lazy\" class=\"alignnone size-full wp-image-13882\" src=\"https:\/\/smastr16.blob.core.windows.net\/igeo\/sites\/233\/2021\/10\/atividade2-pequeno.jpg\" alt=\"\" width=\"640\" height=\"480\" srcset=\"https:\/\/smastr16.blob.core.windows.net\/igeo\/sites\/233\/2021\/10\/atividade2-pequeno.jpg 640w, https:\/\/smastr16.blob.core.windows.net\/igeo\/sites\/233\/2021\/10\/atividade2-pequeno-300x225.jpg 300w, https:\/\/smastr16.blob.core.windows.net\/igeo\/sites\/233\/2021\/10\/atividade2-pequeno-250x188.jpg 250w, https:\/\/smastr16.blob.core.windows.net\/igeo\/sites\/233\/2021\/10\/atividade2-pequeno-550x413.jpg 550w, https:\/\/smastr16.blob.core.windows.net\/igeo\/sites\/233\/2021\/10\/atividade2-pequeno-240x180.jpg 240w, https:\/\/smastr16.blob.core.windows.net\/igeo\/sites\/233\/2021\/10\/atividade2-pequeno-400x300.jpg 400w\" sizes=\"(max-width: 640px) 100vw, 640px\" \/> <img decoding=\"async\" loading=\"lazy\" class=\"alignnone size-full wp-image-13880\" src=\"https:\/\/smastr16.blob.core.windows.net\/igeo\/sites\/233\/2021\/10\/atividade4-pequeno.jpeg\" alt=\"\" width=\"640\" height=\"480\" srcset=\"https:\/\/smastr16.blob.core.windows.net\/igeo\/sites\/233\/2021\/10\/atividade4-pequeno.jpeg 640w, https:\/\/smastr16.blob.core.windows.net\/igeo\/sites\/233\/2021\/10\/atividade4-pequeno-300x225.jpeg 300w, https:\/\/smastr16.blob.core.windows.net\/igeo\/sites\/233\/2021\/10\/atividade4-pequeno-250x188.jpeg 250w, https:\/\/smastr16.blob.core.windows.net\/igeo\/sites\/233\/2021\/10\/atividade4-pequeno-550x413.jpeg 550w, https:\/\/smastr16.blob.core.windows.net\/igeo\/sites\/233\/2021\/10\/atividade4-pequeno-240x180.jpeg 240w, https:\/\/smastr16.blob.core.windows.net\/igeo\/sites\/233\/2021\/10\/atividade4-pequeno-400x300.jpeg 400w\" sizes=\"(max-width: 640px) 100vw, 640px\" \/><\/p>\n<div id=\"attachment_13883\" style=\"width: 737px\" class=\"wp-caption alignnone\"><img aria-describedby=\"caption-attachment-13883\" decoding=\"async\" loading=\"lazy\" class=\"size-full wp-image-13883\" src=\"https:\/\/smastr16.blob.core.windows.net\/igeo\/sites\/233\/2021\/10\/gaviao_belo-kristina-pereira-pereira-pequeno.jpg\" alt=\"\" width=\"727\" height=\"480\" srcset=\"https:\/\/smastr16.blob.core.windows.net\/igeo\/sites\/233\/2021\/10\/gaviao_belo-kristina-pereira-pereira-pequeno.jpg 727w, https:\/\/smastr16.blob.core.windows.net\/igeo\/sites\/233\/2021\/10\/gaviao_belo-kristina-pereira-pereira-pequeno-300x198.jpg 300w, https:\/\/smastr16.blob.core.windows.net\/igeo\/sites\/233\/2021\/10\/gaviao_belo-kristina-pereira-pereira-pequeno-250x165.jpg 250w, https:\/\/smastr16.blob.core.windows.net\/igeo\/sites\/233\/2021\/10\/gaviao_belo-kristina-pereira-pereira-pequeno-550x363.jpg 550w, https:\/\/smastr16.blob.core.windows.net\/igeo\/sites\/233\/2021\/10\/gaviao_belo-kristina-pereira-pereira-pequeno-273x180.jpg 273w, https:\/\/smastr16.blob.core.windows.net\/igeo\/sites\/233\/2021\/10\/gaviao_belo-kristina-pereira-pereira-pequeno-454x300.jpg 454w\" sizes=\"(max-width: 727px) 100vw, 727px\" \/><p id=\"caption-attachment-13883\" class=\"wp-caption-text\">Foto: Kristina Pereira Pereira<\/p><\/div>\n<div id=\"attachment_13881\" style=\"width: 639px\" class=\"wp-caption alignnone\"><img aria-describedby=\"caption-attachment-13881\" decoding=\"async\" loading=\"lazy\" class=\"size-full wp-image-13881\" src=\"https:\/\/smastr16.blob.core.windows.net\/igeo\/sites\/233\/2021\/10\/peitica-kristina-pereira-pequeno.jpg\" alt=\"\" width=\"629\" height=\"480\" srcset=\"https:\/\/smastr16.blob.core.windows.net\/igeo\/sites\/233\/2021\/10\/peitica-kristina-pereira-pequeno.jpg 629w, https:\/\/smastr16.blob.core.windows.net\/igeo\/sites\/233\/2021\/10\/peitica-kristina-pereira-pequeno-300x229.jpg 300w, https:\/\/smastr16.blob.core.windows.net\/igeo\/sites\/233\/2021\/10\/peitica-kristina-pereira-pequeno-250x191.jpg 250w, https:\/\/smastr16.blob.core.windows.net\/igeo\/sites\/233\/2021\/10\/peitica-kristina-pereira-pequeno-550x420.jpg 550w, https:\/\/smastr16.blob.core.windows.net\/igeo\/sites\/233\/2021\/10\/peitica-kristina-pereira-pequeno-236x180.jpg 236w, https:\/\/smastr16.blob.core.windows.net\/igeo\/sites\/233\/2021\/10\/peitica-kristina-pereira-pequeno-393x300.jpg 393w\" sizes=\"(max-width: 629px) 100vw, 629px\" \/><p id=\"caption-attachment-13881\" class=\"wp-caption-text\">Foto: Kristina Pereira Pereira<\/p><\/div>\n<div id=\"attachment_13884\" style=\"width: 691px\" class=\"wp-caption alignnone\"><img aria-describedby=\"caption-attachment-13884\" decoding=\"async\" loading=\"lazy\" class=\"size-full wp-image-13884\" src=\"https:\/\/smastr16.blob.core.windows.net\/igeo\/sites\/233\/2021\/10\/saira_ferrugem-kristina-pereira-pereira-pequeno.jpg\" alt=\"\" width=\"681\" height=\"480\" srcset=\"https:\/\/smastr16.blob.core.windows.net\/igeo\/sites\/233\/2021\/10\/saira_ferrugem-kristina-pereira-pereira-pequeno.jpg 681w, https:\/\/smastr16.blob.core.windows.net\/igeo\/sites\/233\/2021\/10\/saira_ferrugem-kristina-pereira-pereira-pequeno-300x211.jpg 300w, https:\/\/smastr16.blob.core.windows.net\/igeo\/sites\/233\/2021\/10\/saira_ferrugem-kristina-pereira-pereira-pequeno-250x176.jpg 250w, https:\/\/smastr16.blob.core.windows.net\/igeo\/sites\/233\/2021\/10\/saira_ferrugem-kristina-pereira-pereira-pequeno-550x388.jpg 550w, https:\/\/smastr16.blob.core.windows.net\/igeo\/sites\/233\/2021\/10\/saira_ferrugem-kristina-pereira-pereira-pequeno-255x180.jpg 255w, https:\/\/smastr16.blob.core.windows.net\/igeo\/sites\/233\/2021\/10\/saira_ferrugem-kristina-pereira-pereira-pequeno-426x300.jpg 426w\" sizes=\"(max-width: 681px) 100vw, 681px\" \/><p id=\"caption-attachment-13884\" class=\"wp-caption-text\">Foto: Kristina Pereira Pereira<\/p><\/div>\n","protected":false},"excerpt":{"rendered":"<p>No dia 17 de outubro, domingo, \u00e0s 7h30min a Esta\u00e7\u00e3o Experimental de Tupi (conhecida como Horto de Tupi) retomou suas atividades educativas presenciais ap\u00f3s o per\u00edodo de restri\u00e7\u00f5es referentes \u00e0 pandemia da COVID-19. Nesse dia, ocorreu, no \u00e2mbito do programa \u201cVem pro Horto\u201d, a atividade \u201cObservando as aves no Horto de Tupi\u201d, a qual foi [&hellip;]<\/p>\n","protected":false},"author":96,"featured_media":13879,"comment_status":"open","ping_status":"open","sticky":false,"template":"","format":"standard","meta":[],"categories":[1852,1850],"tags":[],"_links":{"self":[{"href":"https:\/\/www.infraestruturameioambiente.sp.gov.br\/institutogeologico\/wp-json\/wp\/v2\/posts\/13878"}],"collection":[{"href":"https:\/\/www.infraestruturameioambiente.sp.gov.br\/institutogeologico\/wp-json\/wp\/v2\/posts"}],"about":[{"href":"https:\/\/www.infraestruturameioambiente.sp.gov.br\/institutogeologico\/wp-json\/wp\/v2\/types\/post"}],"author":[{"embeddable":true,"href":"https:\/\/www.infraestruturameioambiente.sp.gov.br\/institutogeologico\/wp-json\/wp\/v2\/users\/96"}],"replies":[{"embeddable":true,"href":"https:\/\/www.infraestruturameioambiente.sp.gov.br\/institutogeologico\/wp-json\/wp\/v2\/comments?post=13878"}],"version-history":[{"count":2,"href":"https:\/\/www.infraestruturameioambiente.sp.gov.br\/institutogeologico\/wp-json\/wp\/v2\/posts\/13878\/revisions"}],"predecessor-version":[{"id":13887,"href":"https:\/\/www.infraestruturameioambiente.sp.gov.br\/institutogeologico\/wp-json\/wp\/v2\/posts\/13878\/revisions\/13887"}],"wp:featuredmedia":[{"embeddable":true,"href":"https:\/\/www.infraestruturameioambiente.sp.gov.br\/institutogeologico\/wp-json\/wp\/v2\/media\/13879"}],"wp:attachment":[{"href":"https:\/\/www.infraestruturameioambiente.sp.gov.br\/institutogeologico\/wp-json\/wp\/v2\/media?parent=13878"}],"wp:term":[{"taxonomy":"category","embeddable":true,"href":"https:\/\/www.infraestruturameioambiente.sp.gov.br\/institutogeologico\/wp-json\/wp\/v2\/categories?post=13878"},{"taxonomy":"post_tag","embeddable":true,"href":"https:\/\/www.infraestruturameioambiente.sp.gov.br\/institutogeologico\/wp-json\/wp\/v2\/tags?post=13878"}],"curies":[{"name":"wp","href":"https:\/\/api.w.org\/{rel}","templated":true}]}}