{"id":13828,"date":"2021-10-05T08:00:42","date_gmt":"2021-10-05T11:00:42","guid":{"rendered":"https:\/\/www.infraestruturameioambiente.sp.gov.br\/institutogeologico\/?p=13828"},"modified":"2021-10-08T10:10:18","modified_gmt":"2021-10-08T13:10:18","slug":"programa-institucional-de-bolsas-de-iniciacao-cientifica-junior-ensino-medio-cnpq-do-edital-i-pibic-em-2021-2022","status":"publish","type":"post","link":"https:\/\/www.infraestruturameioambiente.sp.gov.br\/institutogeologico\/2021\/10\/programa-institucional-de-bolsas-de-iniciacao-cientifica-junior-ensino-medio-cnpq-do-edital-i-pibic-em-2021-2022\/","title":{"rendered":"RESULTADO FINAL &#8211; PROGRAMA INSTITUCIONAL DE BOLSAS DE INICIA\u00c7\u00c3O CIENT\u00cdFICA J\u00daNIOR (ENSINO M\u00c9DIO) CNPQ DO  \u2013 EDITAL I PIBIC-EM 2021-2022"},"content":{"rendered":"<p style=\"text-align: justify\">Est\u00e3o abertas as inscri\u00e7\u00f5es para <strong>05 (cinco)<\/strong> Bolsas de Inicia\u00e7\u00e3o Cient\u00edfica J\u00fanior \u2013 Ensino M\u00e9dio (EM) do Instituto de Pesquisas Ambientais \u2013 N\u00facleo de Geoci\u00eancias, Gest\u00e3o de Risco e Monitoramento Ambiental \u2013 Edital I PIBIC-EM CNPq 2021-2022.<\/p>\n<p style=\"text-align: justify\">Com foco na cria\u00e7\u00e3o de uma cultura cient\u00edfica, o PIBIC-EM \u00e9 um programa do CNPq (Conselho Nacional de Desenvolvimento Cient\u00edfico e Tecnol\u00f3gico), dirigido aos estudantes do ensino m\u00e9dio, com a finalidade de: i) contribuir para a forma\u00e7\u00e3o de cidad\u00e3os plenos, conscientes e participativos; ii) despertar voca\u00e7\u00e3o e incentivar talentos potenciais mediante o envolvimento em atividades de educa\u00e7\u00e3o cient\u00edfica e\/ou tecnol\u00f3gica, orientadas por pesquisador qualificado de institui\u00e7\u00f5es de ensino superior, institutos de pesquisas ou tecnol\u00f3gicos.<\/p>\n<p style=\"text-align: justify\">As escolas de n\u00edvel m\u00e9dio dever\u00e3o ser p\u00fablicas (ensino regular), t\u00e9cnicas ou escolas militares. As escolas privadas poder\u00e3o participar, desde que de aplica\u00e7\u00e3o. Os requisitos e condi\u00e7\u00f5es para o estudante participar do programa s\u00e3o os seguintes: i) estar regularmente matriculado no ensino m\u00e9dio ou profissional de escolas p\u00fablicas; ii) estar desvinculado do mercado de trabalho; iii) possuir frequ\u00eancia igual ou superior a 80% (oitenta por cento).<\/p>\n<p style=\"text-align: justify\">A bolsa concedida possui dura\u00e7\u00e3o de <strong>01 de novembro de 2021 a 31 de agosto de 2022<\/strong>, e a mensalidade \u00e9 de R$ 100,00 (cem reais). O processo seletivo ser\u00e1 feito pelos integrantes do antigo Comit\u00ea Institucional PIBIC-IG. Em anexo constam c\u00f3pia do edital e dos demais documentos (Formul\u00e1rio de Inscri\u00e7\u00e3o, Autoriza\u00e7\u00e3o dos Pais ou Respons\u00e1veis, Formul\u00e1rio de Plano de Trabalho, Declara\u00e7\u00e3o do Aluno) a serem preenchidos e assinados na ocasi\u00e3o da inscri\u00e7\u00e3o.<\/p>\n<p><strong>Per\u00edodo das Inscri\u00e7\u00f5es: <\/strong>ENCERRADO.<\/p>\n<p><strong>Resultado Final<\/strong><\/p>\n<ul>\n<li><a href=\"https:\/\/smastr16.blob.core.windows.net\/igeo\/sites\/233\/2021\/10\/pibic_em-2021-2022_resultado_final.pdf\">Resultado Final<\/a><\/li>\n<\/ul>\n<p><strong>Edital<\/strong><\/p>\n<ul>\n<li><a href=\"https:\/\/smastr16.blob.core.windows.net\/igeo\/sites\/233\/2021\/09\/edital-bolsas-pibic-2021-2022.pdf\">Edital I PIBIC-EM CNPq 2021-2022<\/a><\/li>\n<\/ul>\n<p><strong>Anexos<\/strong><\/p>\n<ul>\n<li><a href=\"https:\/\/smastr16.blob.core.windows.net\/igeo\/sites\/233\/2021\/09\/anexo-i-i-edital-pibic-em-2021-2022.doc\">Anexo I \u2013 Formul\u00e1rio de Inscri\u00e7\u00e3o<\/a><\/li>\n<li><a href=\"https:\/\/smastr16.blob.core.windows.net\/igeo\/sites\/233\/2021\/09\/anexo-ii-i-edital-pibic-em-2021-2022.doc\">Anexo II \u2013 Autoriza\u00e7\u00e3o dos Pais ou Respons\u00e1veis<\/a><\/li>\n<li><a href=\"https:\/\/smastr16.blob.core.windows.net\/igeo\/sites\/233\/2021\/09\/anexo-iii-i-edital-pibic-em-2021-2022.doc\">Anexo III \u2013 Formul\u00e1rio de Plano de Trabalho<\/a><\/li>\n<li><a href=\"https:\/\/smastr16.blob.core.windows.net\/igeo\/sites\/233\/2021\/09\/anexo-iv-declaracao-vinculo-empregaticio-pibic-em.doc\">Anexo IV \u2013 Declara\u00e7\u00e3o V\u00ednculo Empregat\u00edcio Aluno<\/a><\/li>\n<\/ul>\n","protected":false},"excerpt":{"rendered":"<p>Est\u00e3o abertas as inscri\u00e7\u00f5es para 05 (cinco) Bolsas de Inicia\u00e7\u00e3o Cient\u00edfica J\u00fanior \u2013 Ensino M\u00e9dio (EM) do Instituto de Pesquisas Ambientais \u2013 N\u00facleo de Geoci\u00eancias, Gest\u00e3o de Risco e Monitoramento Ambiental \u2013 Edital I PIBIC-EM CNPq 2021-2022. Com foco na cria\u00e7\u00e3o de uma cultura cient\u00edfica, o PIBIC-EM \u00e9 um programa do CNPq (Conselho Nacional de [&hellip;]<\/p>\n","protected":false},"author":96,"featured_media":13829,"comment_status":"open","ping_status":"open","sticky":false,"template":"","format":"standard","meta":[],"categories":[1852,1850],"tags":[],"_links":{"self":[{"href":"https:\/\/www.infraestruturameioambiente.sp.gov.br\/institutogeologico\/wp-json\/wp\/v2\/posts\/13828"}],"collection":[{"href":"https:\/\/www.infraestruturameioambiente.sp.gov.br\/institutogeologico\/wp-json\/wp\/v2\/posts"}],"about":[{"href":"https:\/\/www.infraestruturameioambiente.sp.gov.br\/institutogeologico\/wp-json\/wp\/v2\/types\/post"}],"author":[{"embeddable":true,"href":"https:\/\/www.infraestruturameioambiente.sp.gov.br\/institutogeologico\/wp-json\/wp\/v2\/users\/96"}],"replies":[{"embeddable":true,"href":"https:\/\/www.infraestruturameioambiente.sp.gov.br\/institutogeologico\/wp-json\/wp\/v2\/comments?post=13828"}],"version-history":[{"count":5,"href":"https:\/\/www.infraestruturameioambiente.sp.gov.br\/institutogeologico\/wp-json\/wp\/v2\/posts\/13828\/revisions"}],"predecessor-version":[{"id":13873,"href":"https:\/\/www.infraestruturameioambiente.sp.gov.br\/institutogeologico\/wp-json\/wp\/v2\/posts\/13828\/revisions\/13873"}],"wp:featuredmedia":[{"embeddable":true,"href":"https:\/\/www.infraestruturameioambiente.sp.gov.br\/institutogeologico\/wp-json\/wp\/v2\/media\/13829"}],"wp:attachment":[{"href":"https:\/\/www.infraestruturameioambiente.sp.gov.br\/institutogeologico\/wp-json\/wp\/v2\/media?parent=13828"}],"wp:term":[{"taxonomy":"category","embeddable":true,"href":"https:\/\/www.infraestruturameioambiente.sp.gov.br\/institutogeologico\/wp-json\/wp\/v2\/categories?post=13828"},{"taxonomy":"post_tag","embeddable":true,"href":"https:\/\/www.infraestruturameioambiente.sp.gov.br\/institutogeologico\/wp-json\/wp\/v2\/tags?post=13828"}],"curies":[{"name":"wp","href":"https:\/\/api.w.org\/{rel}","templated":true}]}}