{"id":1374,"date":"2008-01-01T00:00:00","date_gmt":"2008-01-01T02:00:00","guid":{"rendered":"https:\/\/www.infraestruturameioambiente.sp.gov.br\/institutogeologico\/producao-cientifica\/gutjahr-m-r-tavares-r-armani-g-silva-m-v\/"},"modified":"2008-01-01T00:00:00","modified_gmt":"2008-01-01T02:00:00","slug":"gutjahr-m-r-tavares-r-armani-g-silva-m-v","status":"publish","type":"post","link":"https:\/\/www.infraestruturameioambiente.sp.gov.br\/institutogeologico\/2008\/01\/gutjahr-m-r-tavares-r-armani-g-silva-m-v\/","title":{"rendered":"GUTJAHR, M. R. ; TAVARES, R. ; ARMANI, G. ; SILVA, M. V."},"content":{"rendered":"<p><strong>Referencia:<\/strong> GUTJAHR, M. R. ; TAVARES, R. ; ARMANI, G. ; SILVA, M. V. 2008. Diagn\u00f3stico e avalia\u00e7\u00e3o das caracter\u00edsticas clim\u00e1ticas do Parque Estadual Carlos Botelho, Estado de S\u00e3o Paulo &#8211; Brasil. In: Semin\u00e1rio Latino-americano e I Semin\u00e1rio Ibero-americano de Geografia F\u00edsica: Aproximando experi\u00eancias para a sustentabilidade de um ambiente globalizado, 5, 2008, Santa Maria.  Santa Maria: Universidade Federal de Santa Maria, 2008. v. 1. p. 1886-1901 (CD-ROM).<\/p>\n<p><strong>Palavra Chave:<\/strong> clima, Parque Estadual Carlos Botelho<\/p>\n<p><strong>Tipo:<\/strong> anais de eventos<\/p>\n<p><strong>Projeto:<\/strong> _<\/p>\n<p><strong>Programa:<\/strong> Climatologia e Meio Ambiente<\/p>\n<p><strong>Restri\u00e7\u00e3o:<\/strong> sem restri\u00e7\u00e3o<\/p>\n","protected":false},"excerpt":{"rendered":"<p>Referencia: GUTJAHR, M. R. ; TAVARES, R. ; ARMANI, G. ; SILVA, M. V. 2008. Diagn\u00f3stico e avalia\u00e7\u00e3o das caracter\u00edsticas clim\u00e1ticas do Parque Estadual Carlos Botelho, Estado de S\u00e3o Paulo &#8211; Brasil. In: Semin\u00e1rio Latino-americano e I Semin\u00e1rio Ibero-americano de Geografia F\u00edsica: Aproximando experi\u00eancias para a sustentabilidade de um ambiente globalizado, 5, 2008, Santa Maria. [&hellip;]<\/p>\n","protected":false},"author":1,"featured_media":0,"comment_status":"open","ping_status":"open","sticky":false,"template":"","format":"standard","meta":[],"categories":[37],"tags":[238,260],"_links":{"self":[{"href":"https:\/\/www.infraestruturameioambiente.sp.gov.br\/institutogeologico\/wp-json\/wp\/v2\/posts\/1374"}],"collection":[{"href":"https:\/\/www.infraestruturameioambiente.sp.gov.br\/institutogeologico\/wp-json\/wp\/v2\/posts"}],"about":[{"href":"https:\/\/www.infraestruturameioambiente.sp.gov.br\/institutogeologico\/wp-json\/wp\/v2\/types\/post"}],"author":[{"embeddable":true,"href":"https:\/\/www.infraestruturameioambiente.sp.gov.br\/institutogeologico\/wp-json\/wp\/v2\/users\/1"}],"replies":[{"embeddable":true,"href":"https:\/\/www.infraestruturameioambiente.sp.gov.br\/institutogeologico\/wp-json\/wp\/v2\/comments?post=1374"}],"version-history":[{"count":0,"href":"https:\/\/www.infraestruturameioambiente.sp.gov.br\/institutogeologico\/wp-json\/wp\/v2\/posts\/1374\/revisions"}],"wp:attachment":[{"href":"https:\/\/www.infraestruturameioambiente.sp.gov.br\/institutogeologico\/wp-json\/wp\/v2\/media?parent=1374"}],"wp:term":[{"taxonomy":"category","embeddable":true,"href":"https:\/\/www.infraestruturameioambiente.sp.gov.br\/institutogeologico\/wp-json\/wp\/v2\/categories?post=1374"},{"taxonomy":"post_tag","embeddable":true,"href":"https:\/\/www.infraestruturameioambiente.sp.gov.br\/institutogeologico\/wp-json\/wp\/v2\/tags?post=1374"}],"curies":[{"name":"wp","href":"https:\/\/api.w.org\/{rel}","templated":true}]}}